{"id":6952,"date":"2020-05-26T09:03:51","date_gmt":"2020-05-26T15:03:51","guid":{"rendered":"https:\/\/informativoelvalledeaguascalientes.online\/?p=6952"},"modified":"2020-05-26T09:03:51","modified_gmt":"2020-05-26T15:03:51","slug":"proporciona-sedeso-insumos-para-fortalecer-la-economia-de-las-familias-hidrocalidas","status":"publish","type":"post","link":"https:\/\/informativoelvalledeaguascalientes.online\/?p=6952","title":{"rendered":"PROPORCIONA SEDESO INSUMOS PARA FORTALECER LA ECONOM\u00cdA DE LAS FAMILIAS HIDROC\u00c1LIDAS"},"content":{"rendered":"<p dir=\"ltr\">\u25cf<strong>\u00a0 \u00a0Se entregaron tres mil 980 piezas de estambre, con lo que las personas elaborar\u00e1n prendas de vestir como bufandas, chalecos, su\u00e9teres y otros art\u00edculos.<\/strong><\/p>\n<p dir=\"ltr\"><strong>\u25cf\u00a0 \u00a0 \u00a0 Se canaliz\u00f3 un presupuesto cercano de los 560 mil pesos para este a\u00f1o 2020, donde se beneficiar\u00e1n dos mil familias del Estado de Aguascalientes.<\/strong><\/p>\n<p dir=\"ltr\">Con el prop\u00f3sito de fortalecer la econom\u00eda de las familias m\u00e1s vulnerables en la entidad, y como parte del programa Tejiendo Juntos, el secretario de Desarrollo Social, Paulo Mart\u00ednez L\u00f3pez, en representaci\u00f3n del gobernador Mart\u00edn Orozco Sandoval, entreg\u00f3 estambre a representantes de los grupos de tejido del estado de diferentes colonias y municipios de Aguascalientes.<\/p>\n<p dir=\"ltr\">En el evento realizado en las instalaciones del Centro Crecer Tepezal\u00e1, el titular de la Sedeso entreg\u00f3 tres mil 980 piezas de estambre; material con lo que las personas elaborar\u00e1n prendas de vestir como bufandas, chalecos, su\u00e9teres y otros art\u00edculos, que pueden vender para tener un ingreso econ\u00f3mico extra para sus hogares.<\/p>\n<p dir=\"ltr\">Subray\u00f3 que el programa Tejiendo Juntos busca promover un apoyo social a trav\u00e9s de la donaci\u00f3n de materiales e insumos para las actividades l\u00fadicas de descanso de adultos mayores, usuarios de los grupos de manualidades y madres de familia.<\/p>\n<p dir=\"ltr\">\u201cAcercamos actividades que desarrollen sus capacidades de forma recreativa y de igual manera buscamos que obtengan alg\u00fan beneficio econ\u00f3mico para sus familias\u201d, detall\u00f3.<\/p>\n<p dir=\"ltr\">Explic\u00f3 que, para tal efecto, se canaliz\u00f3 un presupuesto cercano de los 560 mil pesos para este a\u00f1o 2020, donde se beneficiar\u00e1n dos mil familias del Estado de Aguascalientes.<\/p>\n<p dir=\"ltr\">Mart\u00ednez L\u00f3pez recalc\u00f3 que para la actual administraci\u00f3n es de vital importancia la reactivaci\u00f3n econ\u00f3mica, por lo que esquemas son patentes del apoyo a\u00a0 la econom\u00eda familiar y el fortalecimiento a la sana convivencia.<\/p>\n<p dir=\"ltr\">Finalmente, el funcionario estatal se\u00f1al\u00f3 que el Gobierno del Estado sigue trabajando y llevando los apoyos a todos los once municipios con estrategias y acciones que ayuden a la econom\u00eda familiar, pero anteponiendo siempre el cuidado de la salud de los aguascalentenses.<\/p>\n","protected":false},"excerpt":{"rendered":"<p>\u25cf\u00a0 \u00a0Se entregaron tres mil 980 piezas de estambre, con lo que las personas elaborar\u00e1n prendas de vestir como bufandas, chalecos, su\u00e9teres y otros art\u00edculos. \u25cf\u00a0 \u00a0 \u00a0 Se canaliz\u00f3 un presupuesto cercano de los 560 mil pesos para este a\u00f1o 2020, donde se beneficiar\u00e1n dos mil familias del Estado de Aguascalientes. Con el prop\u00f3sito [&hellip;]<\/p>\n","protected":false},"author":1,"featured_media":6953,"comment_status":"closed","ping_status":"open","sticky":false,"template":"","format":"standard","meta":{"advanced_seo_description":"","jetpack_seo_html_title":"","jetpack_seo_noindex":false,"_jetpack_memberships_contains_paid_content":false,"footnotes":"","jetpack_publicize_message":"","jetpack_publicize_feature_enabled":true,"jetpack_social_post_already_shared":true,"jetpack_social_options":{"image_generator_settings":{"template":"highway","default_image_id":0,"font":"","enabled":false},"version":2}},"categories":[21,4],"tags":[22,24],"class_list":["post-6952","post","type-post","status-publish","format-standard","has-post-thumbnail","hentry","category-aguascalientes","category-gobierno-del-estado-aguascalientes","tag-aguascalientes","tag-sedeso"],"jetpack_publicize_connections":[],"jetpack_featured_media_url":"https:\/\/i0.wp.com\/informativoelvalledeaguascalientes.online\/wp-content\/uploads\/2020\/05\/sedeso_260520.jpg?fit=1024%2C683&ssl=1","jetpack-related-posts":[],"jetpack_sharing_enabled":true,"jetpack_likes_enabled":true,"_links":{"self":[{"href":"https:\/\/informativoelvalledeaguascalientes.online\/index.php?rest_route=\/wp\/v2\/posts\/6952","targetHints":{"allow":["GET"]}}],"collection":[{"href":"https:\/\/informativoelvalledeaguascalientes.online\/index.php?rest_route=\/wp\/v2\/posts"}],"about":[{"href":"https:\/\/informativoelvalledeaguascalientes.online\/index.php?rest_route=\/wp\/v2\/types\/post"}],"author":[{"embeddable":true,"href":"https:\/\/informativoelvalledeaguascalientes.online\/index.php?rest_route=\/wp\/v2\/users\/1"}],"replies":[{"embeddable":true,"href":"https:\/\/informativoelvalledeaguascalientes.online\/index.php?rest_route=%2Fwp%2Fv2%2Fcomments&post=6952"}],"version-history":[{"count":1,"href":"https:\/\/informativoelvalledeaguascalientes.online\/index.php?rest_route=\/wp\/v2\/posts\/6952\/revisions"}],"predecessor-version":[{"id":6954,"href":"https:\/\/informativoelvalledeaguascalientes.online\/index.php?rest_route=\/wp\/v2\/posts\/6952\/revisions\/6954"}],"wp:featuredmedia":[{"embeddable":true,"href":"https:\/\/informativoelvalledeaguascalientes.online\/index.php?rest_route=\/wp\/v2\/media\/6953"}],"wp:attachment":[{"href":"https:\/\/informativoelvalledeaguascalientes.online\/index.php?rest_route=%2Fwp%2Fv2%2Fmedia&parent=6952"}],"wp:term":[{"taxonomy":"category","embeddable":true,"href":"https:\/\/informativoelvalledeaguascalientes.online\/index.php?rest_route=%2Fwp%2Fv2%2Fcategories&post=6952"},{"taxonomy":"post_tag","embeddable":true,"href":"https:\/\/informativoelvalledeaguascalientes.online\/index.php?rest_route=%2Fwp%2Fv2%2Ftags&post=6952"}],"curies":[{"name":"wp","href":"https:\/\/api.w.org\/{rel}","templated":true}]}}