{"id":6949,"date":"2020-05-26T08:50:15","date_gmt":"2020-05-26T14:50:15","guid":{"rendered":"https:\/\/informativoelvalledeaguascalientes.online\/?p=6949"},"modified":"2020-05-26T08:50:15","modified_gmt":"2020-05-26T14:50:15","slug":"se-reanuda-proceso-para-elegir-a-auditor-superior-de-aguascalientes","status":"publish","type":"post","link":"https:\/\/informativoelvalledeaguascalientes.online\/?p=6949","title":{"rendered":"SE REANUDA PROCESO PARA ELEGIR A AUDITOR SUPERIOR DE AGUASCALIENTES"},"content":{"rendered":"<p style=\"font-weight: 400;\"><strong>\u00a0 <em>Interesados en ocupar el cargo de titular del OSFAGS contar\u00e1n con diez d\u00edas h\u00e1biles para registrarse.<\/em><\/strong><\/p>\n<p style=\"font-weight: 400;\">A partir de la pr\u00f3xima semana se reanudar\u00e1 el proceso para seleccionar al nuevo titular del \u00d3rgano Superior de Fiscalizaci\u00f3n del Estado de Aguascalientes, confirm\u00f3 el Coordinador del GPPAN, Juan Guillermo Alaniz de Le\u00f3n.<\/p>\n<p style=\"font-weight: 400;\">\n<p style=\"font-weight: 400;\">El procedimiento, que fue suspendido a causa de la pandemia generada por el coronavirus, continuar\u00e1 a partir del lunes primero de junio, y durante un plazo de diez d\u00edas h\u00e1biles, los interesados en ocupar este cargo, podr\u00e1n acudir a las instalaciones del Congreso del Estado para registrarse y presentar la documentaci\u00f3n correspondiente.<\/p>\n<p style=\"font-weight: 400;\">\n<p style=\"font-weight: 400;\">Al respecto, Alaniz de Le\u00f3n coment\u00f3 que una vez concluida esta fase, la Comisi\u00f3n de Vigilancia dar\u00e1 tr\u00e1mite a cada uno de los registros a fin de poder conformar una terna.<\/p>\n<p style=\"font-weight: 400;\">\n<p style=\"font-weight: 400;\">&#8220;Procederemos a analizar y revisar a detalle cada una de las solicitudes de los candidatos para seleccionar a los mejores perfiles y conformar as\u00ed una terna que ser\u00e1 puesta a consideraci\u00f3n de todos los diputados&#8221; extern\u00f3.<\/p>\n<p style=\"font-weight: 400;\">\n<p style=\"font-weight: 400;\">El legislador record\u00f3 que algunos de los requisitos que establece la convocatoria son ser ciudadano mexicano, tener cuando menos 35 a\u00f1os, contar con t\u00edtulo profesional de Contador P\u00fablico, ser Licenciado en Derecho o Abogado, Econom\u00eda, Administraci\u00f3n o cualquier otro t\u00edtulo profesional relacionado con actividades de fiscalizaci\u00f3n, adem\u00e1s de contar con experiencia de cinco a\u00f1os en materia de control, auditor\u00eda financiera y de responsabilidades.<\/p>\n<p style=\"font-weight: 400;\">\n","protected":false},"excerpt":{"rendered":"<p>\u00a0 Interesados en ocupar el cargo de titular del OSFAGS contar\u00e1n con diez d\u00edas h\u00e1biles para registrarse. A partir de la pr\u00f3xima semana se reanudar\u00e1 el proceso para seleccionar al nuevo titular del \u00d3rgano Superior de Fiscalizaci\u00f3n del Estado de Aguascalientes, confirm\u00f3 el Coordinador del GPPAN, Juan Guillermo Alaniz de Le\u00f3n. El procedimiento, que fue [&hellip;]<\/p>\n","protected":false},"author":1,"featured_media":6950,"comment_status":"closed","ping_status":"open","sticky":false,"template":"","format":"standard","meta":{"advanced_seo_description":"","jetpack_seo_html_title":"","jetpack_seo_noindex":false,"_jetpack_memberships_contains_paid_content":false,"footnotes":"","jetpack_publicize_message":"","jetpack_publicize_feature_enabled":true,"jetpack_social_post_already_shared":true,"jetpack_social_options":{"image_generator_settings":{"template":"highway","default_image_id":0,"font":"","enabled":false},"version":2}},"categories":[21,5,7],"tags":[22,23],"class_list":["post-6949","post","type-post","status-publish","format-standard","has-post-thumbnail","hentry","category-aguascalientes","category-h-congreso-del-estado-aguascalientes","category-pan-aguascalientes","tag-aguascalientes","tag-pan-aguascalientes"],"jetpack_publicize_connections":[],"jetpack_featured_media_url":"https:\/\/i0.wp.com\/informativoelvalledeaguascalientes.online\/wp-content\/uploads\/2020\/05\/FOTO-250520.jpg?fit=839%2C768&ssl=1","jetpack-related-posts":[],"jetpack_sharing_enabled":true,"jetpack_likes_enabled":true,"_links":{"self":[{"href":"https:\/\/informativoelvalledeaguascalientes.online\/index.php?rest_route=\/wp\/v2\/posts\/6949","targetHints":{"allow":["GET"]}}],"collection":[{"href":"https:\/\/informativoelvalledeaguascalientes.online\/index.php?rest_route=\/wp\/v2\/posts"}],"about":[{"href":"https:\/\/informativoelvalledeaguascalientes.online\/index.php?rest_route=\/wp\/v2\/types\/post"}],"author":[{"embeddable":true,"href":"https:\/\/informativoelvalledeaguascalientes.online\/index.php?rest_route=\/wp\/v2\/users\/1"}],"replies":[{"embeddable":true,"href":"https:\/\/informativoelvalledeaguascalientes.online\/index.php?rest_route=%2Fwp%2Fv2%2Fcomments&post=6949"}],"version-history":[{"count":1,"href":"https:\/\/informativoelvalledeaguascalientes.online\/index.php?rest_route=\/wp\/v2\/posts\/6949\/revisions"}],"predecessor-version":[{"id":6951,"href":"https:\/\/informativoelvalledeaguascalientes.online\/index.php?rest_route=\/wp\/v2\/posts\/6949\/revisions\/6951"}],"wp:featuredmedia":[{"embeddable":true,"href":"https:\/\/informativoelvalledeaguascalientes.online\/index.php?rest_route=\/wp\/v2\/media\/6950"}],"wp:attachment":[{"href":"https:\/\/informativoelvalledeaguascalientes.online\/index.php?rest_route=%2Fwp%2Fv2%2Fmedia&parent=6949"}],"wp:term":[{"taxonomy":"category","embeddable":true,"href":"https:\/\/informativoelvalledeaguascalientes.online\/index.php?rest_route=%2Fwp%2Fv2%2Fcategories&post=6949"},{"taxonomy":"post_tag","embeddable":true,"href":"https:\/\/informativoelvalledeaguascalientes.online\/index.php?rest_route=%2Fwp%2Fv2%2Ftags&post=6949"}],"curies":[{"name":"wp","href":"https:\/\/api.w.org\/{rel}","templated":true}]}}