{"id":69087,"date":"2025-05-08T19:29:49","date_gmt":"2025-05-09T01:29:49","guid":{"rendered":"https:\/\/informativoelvalledeaguascalientes.online\/?p=69087"},"modified":"2025-05-08T19:29:49","modified_gmt":"2025-05-09T01:29:49","slug":"continuan-las-presentaciones-en-el-teatro-morelos","status":"publish","type":"post","link":"https:\/\/informativoelvalledeaguascalientes.online\/?p=69087","title":{"rendered":"CONTIN\u00daAN LAS PRESENTACIONES EN EL TEATRO MORELOS"},"content":{"rendered":"<p>#informativoelvalledeaguascalientes #novaradioaguascalientes #informativoelvalledeaguascalientesll #Aguascalientes<\/p>\n<p>&nbsp;<\/p>\n<p>&nbsp;<\/p>\n<p>En el Teatro Morelos se presentaron las obras ganadoras del Primer Encuentro Infantil de Teatro Aguascalientes 2025 que se llev\u00f3 a cabo en febrero del presente a\u00f1o.<\/p>\n<p>Como parte del reconocimiento al trabajo de los grupos ganadores y para continuar con su formaci\u00f3n, las obras premiadas se integraron al Programa Cultural de la Feria Nacional de San Marcos.<\/p>\n<p>Ah\u00ed donde los ma\u00edces hablan, del Centro Educativo Integral para Altas Capacidades; Belisario, de la Primaria 2010 Centenario de la Revoluci\u00f3n Mexicana; La pandilla maldita, de la Escuela Secundaria T\u00e9cnica 40 Jos\u00e9 Refugio Reyes Rivas; Mensaje fuera de lugar, de la Escuela Secundaria General 3 Congreso de An\u00e1huac, y Un breve latido, de Comunidad de Aprendizaje Iuventus.<\/p>\n<p>Una tarde de teatro hecho por ni\u00f1os y ni\u00f1as para ni\u00f1os y ni\u00f1as, en la que familiares y p\u00fablico en general, a trav\u00e9s de los di\u00e1logos y actuaciones, conocieron de cerca el sentir de las y los participantes, algunos de sus sue\u00f1os, pensamientos e inquietudes.<\/p>\n","protected":false},"excerpt":{"rendered":"<p>#informativoelvalledeaguascalientes #novaradioaguascalientes #informativoelvalledeaguascalientesll #Aguascalientes &nbsp; &nbsp; En el Teatro Morelos se presentaron las obras ganadoras del Primer Encuentro Infantil de Teatro Aguascalientes 2025 que se llev\u00f3 a cabo en febrero del presente a\u00f1o. Como parte del reconocimiento al trabajo de los grupos ganadores y para continuar con su formaci\u00f3n, las obras premiadas se integraron al [&hellip;]<\/p>\n","protected":false},"author":1,"featured_media":69088,"comment_status":"closed","ping_status":"open","sticky":false,"template":"","format":"standard","meta":{"advanced_seo_description":"","jetpack_seo_html_title":"","jetpack_seo_noindex":false,"_jetpack_memberships_contains_paid_content":false,"footnotes":"","jetpack_publicize_message":"","jetpack_publicize_feature_enabled":true,"jetpack_social_post_already_shared":true,"jetpack_social_options":{"image_generator_settings":{"template":"highway","default_image_id":0,"font":"","enabled":false},"version":2}},"categories":[21,4],"tags":[22,615,52],"class_list":["post-69087","post","type-post","status-publish","format-standard","has-post-thumbnail","hentry","category-aguascalientes","category-gobierno-del-estado-aguascalientes","tag-aguascalientes","tag-gobierno-del-estado-de-aguascalientes","tag-ica"],"jetpack_publicize_connections":[],"jetpack_featured_media_url":"https:\/\/i0.wp.com\/informativoelvalledeaguascalientes.online\/wp-content\/uploads\/2025\/05\/51459a36-b757-459e-86b2-b2abe6648ebf.jpg?fit=720%2C480&ssl=1","jetpack-related-posts":[],"jetpack_sharing_enabled":true,"jetpack_likes_enabled":true,"_links":{"self":[{"href":"https:\/\/informativoelvalledeaguascalientes.online\/index.php?rest_route=\/wp\/v2\/posts\/69087","targetHints":{"allow":["GET"]}}],"collection":[{"href":"https:\/\/informativoelvalledeaguascalientes.online\/index.php?rest_route=\/wp\/v2\/posts"}],"about":[{"href":"https:\/\/informativoelvalledeaguascalientes.online\/index.php?rest_route=\/wp\/v2\/types\/post"}],"author":[{"embeddable":true,"href":"https:\/\/informativoelvalledeaguascalientes.online\/index.php?rest_route=\/wp\/v2\/users\/1"}],"replies":[{"embeddable":true,"href":"https:\/\/informativoelvalledeaguascalientes.online\/index.php?rest_route=%2Fwp%2Fv2%2Fcomments&post=69087"}],"version-history":[{"count":1,"href":"https:\/\/informativoelvalledeaguascalientes.online\/index.php?rest_route=\/wp\/v2\/posts\/69087\/revisions"}],"predecessor-version":[{"id":69089,"href":"https:\/\/informativoelvalledeaguascalientes.online\/index.php?rest_route=\/wp\/v2\/posts\/69087\/revisions\/69089"}],"wp:featuredmedia":[{"embeddable":true,"href":"https:\/\/informativoelvalledeaguascalientes.online\/index.php?rest_route=\/wp\/v2\/media\/69088"}],"wp:attachment":[{"href":"https:\/\/informativoelvalledeaguascalientes.online\/index.php?rest_route=%2Fwp%2Fv2%2Fmedia&parent=69087"}],"wp:term":[{"taxonomy":"category","embeddable":true,"href":"https:\/\/informativoelvalledeaguascalientes.online\/index.php?rest_route=%2Fwp%2Fv2%2Fcategories&post=69087"},{"taxonomy":"post_tag","embeddable":true,"href":"https:\/\/informativoelvalledeaguascalientes.online\/index.php?rest_route=%2Fwp%2Fv2%2Ftags&post=69087"}],"curies":[{"name":"wp","href":"https:\/\/api.w.org\/{rel}","templated":true}]}}