{"id":69084,"date":"2025-05-08T19:17:29","date_gmt":"2025-05-09T01:17:29","guid":{"rendered":"https:\/\/informativoelvalledeaguascalientes.online\/?p=69084"},"modified":"2025-05-08T19:17:29","modified_gmt":"2025-05-09T01:17:29","slug":"grupo-yndio-cautiva-al-publico-en-el-foro-del-lago-ica","status":"publish","type":"post","link":"https:\/\/informativoelvalledeaguascalientes.online\/?p=69084","title":{"rendered":"Grupo Yndio cautiva al p\u00fablico en el Foro del Lago: ICA"},"content":{"rendered":"<p>#informativoelvalledeaguascalientes #novaradioaguascalientes #informativoelvalledeaguascalientesll #Aguascalientes<\/p>\n<p>&nbsp;<\/p>\n<p>&nbsp;<\/p>\n<p>La agrupaci\u00f3n musical ofreci\u00f3 un concierto inolvidable en el Foro del Lago llevando a los asistentes a un recorrido por sus \u00e9xitos musicales.<\/p>\n<p>Miles de personas se dieron cita para disfrutar de este espect\u00e1culo en el que interpretaron temas como Vivir sin tu cari\u00f1o, Dame un beso y dime adi\u00f3s, L\u00ednea telef\u00f3nica, entre otros.<\/p>\n<p>&nbsp;<\/p>\n","protected":false},"excerpt":{"rendered":"<p>#informativoelvalledeaguascalientes #novaradioaguascalientes #informativoelvalledeaguascalientesll #Aguascalientes &nbsp; &nbsp; La agrupaci\u00f3n musical ofreci\u00f3 un concierto inolvidable en el Foro del Lago llevando a los asistentes a un recorrido por sus \u00e9xitos musicales. Miles de personas se dieron cita para disfrutar de este espect\u00e1culo en el que interpretaron temas como Vivir sin tu cari\u00f1o, Dame un beso y dime [&hellip;]<\/p>\n","protected":false},"author":1,"featured_media":69085,"comment_status":"closed","ping_status":"open","sticky":false,"template":"","format":"standard","meta":{"advanced_seo_description":"","jetpack_seo_html_title":"","jetpack_seo_noindex":false,"_jetpack_memberships_contains_paid_content":false,"footnotes":"","jetpack_publicize_message":"","jetpack_publicize_feature_enabled":true,"jetpack_social_post_already_shared":true,"jetpack_social_options":{"image_generator_settings":{"template":"highway","default_image_id":0,"font":"","enabled":false},"version":2}},"categories":[21,4],"tags":[22,943,615,52],"class_list":["post-69084","post","type-post","status-publish","format-standard","has-post-thumbnail","hentry","category-aguascalientes","category-gobierno-del-estado-aguascalientes","tag-aguascalientes","tag-foro-del-lago","tag-gobierno-del-estado-de-aguascalientes","tag-ica"],"jetpack_publicize_connections":[],"jetpack_featured_media_url":"https:\/\/i0.wp.com\/informativoelvalledeaguascalientes.online\/wp-content\/uploads\/2025\/05\/5007f221-e5a0-4237-b623-dbe439a35a44.jpg?fit=1600%2C893&ssl=1","jetpack-related-posts":[],"jetpack_sharing_enabled":true,"jetpack_likes_enabled":true,"_links":{"self":[{"href":"https:\/\/informativoelvalledeaguascalientes.online\/index.php?rest_route=\/wp\/v2\/posts\/69084","targetHints":{"allow":["GET"]}}],"collection":[{"href":"https:\/\/informativoelvalledeaguascalientes.online\/index.php?rest_route=\/wp\/v2\/posts"}],"about":[{"href":"https:\/\/informativoelvalledeaguascalientes.online\/index.php?rest_route=\/wp\/v2\/types\/post"}],"author":[{"embeddable":true,"href":"https:\/\/informativoelvalledeaguascalientes.online\/index.php?rest_route=\/wp\/v2\/users\/1"}],"replies":[{"embeddable":true,"href":"https:\/\/informativoelvalledeaguascalientes.online\/index.php?rest_route=%2Fwp%2Fv2%2Fcomments&post=69084"}],"version-history":[{"count":1,"href":"https:\/\/informativoelvalledeaguascalientes.online\/index.php?rest_route=\/wp\/v2\/posts\/69084\/revisions"}],"predecessor-version":[{"id":69086,"href":"https:\/\/informativoelvalledeaguascalientes.online\/index.php?rest_route=\/wp\/v2\/posts\/69084\/revisions\/69086"}],"wp:featuredmedia":[{"embeddable":true,"href":"https:\/\/informativoelvalledeaguascalientes.online\/index.php?rest_route=\/wp\/v2\/media\/69085"}],"wp:attachment":[{"href":"https:\/\/informativoelvalledeaguascalientes.online\/index.php?rest_route=%2Fwp%2Fv2%2Fmedia&parent=69084"}],"wp:term":[{"taxonomy":"category","embeddable":true,"href":"https:\/\/informativoelvalledeaguascalientes.online\/index.php?rest_route=%2Fwp%2Fv2%2Fcategories&post=69084"},{"taxonomy":"post_tag","embeddable":true,"href":"https:\/\/informativoelvalledeaguascalientes.online\/index.php?rest_route=%2Fwp%2Fv2%2Ftags&post=69084"}],"curies":[{"name":"wp","href":"https:\/\/api.w.org\/{rel}","templated":true}]}}