{"id":69053,"date":"2025-05-07T21:28:53","date_gmt":"2025-05-08T03:28:53","guid":{"rendered":"https:\/\/informativoelvalledeaguascalientes.online\/?p=69053"},"modified":"2025-05-07T21:28:53","modified_gmt":"2025-05-08T03:28:53","slug":"tere-jimenez-festeja-dia-de-las-madres-con-voluntarias-del-dif-estatal-reconoce-su-labor","status":"publish","type":"post","link":"https:\/\/informativoelvalledeaguascalientes.online\/?p=69053","title":{"rendered":"TERE JIM\u00c9NEZ FESTEJA D\u00cdA DE LAS MADRES CON VOLUNTARIAS DEL DIF ESTATAL; RECONOCE SU LABOR"},"content":{"rendered":"<p>#informativoelvalledeaguascalientes #novaradioaguascalientes #informativoelvalledeaguascalientesll #Aguascalientes<\/p>\n<p>&nbsp;<\/p>\n<p>&nbsp;<\/p>\n<p>Con motivo del D\u00eda de las Madres, pr\u00f3ximo a festejarse, la gobernadora de Aguascalientes, Tere Jim\u00e9nez, reconoci\u00f3 el papel de las voluntarias del DIF Estatal, quienes realizan una importante labor en las comunidades rurales del estado, donde capacitan a las mujeres en diferentes temas que contribuyen a su desarrollo personal, familiar y comunitario.<\/p>\n<p>\u201cUstedes no solamente son mam\u00e1s, sino que apoyan a otras personas; est\u00e1n acostumbradas a servir y eso es lo que hace feliz a la gente; ayudar a los dem\u00e1s te llena el alma y te hace muy feliz; por eso, hoy las festejamos, porque ustedes realizan una labor invaluable\u201d, les dijo la gobernadora.<\/p>\n<p>Aurora Jim\u00e9nez Esquivel, primera voluntaria y presidenta del DIF Estatal, destac\u00f3 que las voluntarias son una parte esencial de esta instituci\u00f3n.<\/p>\n<p>\u201cEstamos muy contentas de que est\u00e9n aqu\u00ed; con mucho cari\u00f1o les hacemos este festejo, porque ustedes son muy importantes para nosotros, pues van a las comunidades a dar cursos, a ense\u00f1ar a otras personas, a quienes m\u00e1s lo necesitan\u201d, mencion\u00f3.<\/p>\n<p>M\u00f3nica Becerra Moreno, directora del DIF Estatal, dese\u00f3 un feliz d\u00eda a las asistentes y destac\u00f3 que la mam\u00e1 es el pilar de las familias; las invit\u00f3 a disfrutar de la vida y a vivir el momento.<\/p>\n<p>En el festejo, tambi\u00e9n estuvieron presentes los diputados federales Liz Mart\u00ednez \u00c1lvarez y Paulo Mart\u00ednez L\u00f3pez; Luis Le\u00f3n, presidente de la Mesa Directiva del H. Congreso del Estado; Ma. de Jes\u00fas Ram\u00edrez Castro, directora general del Instituto Aguascalentense de las Personas Adultas Mayores; Anah\u00ed Mar\u00edn, subsecretaria para la Micro, Peque\u00f1a y Mediana Empresa de la Secretar\u00eda de Desarrollo Econ\u00f3mico, Ciencia y Tecnolog\u00eda del Estado, y Sandra Garc\u00eda Hern\u00e1ndez, directora del Voluntariado del DIF Estatal.<\/p>\n","protected":false},"excerpt":{"rendered":"<p>#informativoelvalledeaguascalientes #novaradioaguascalientes #informativoelvalledeaguascalientesll #Aguascalientes &nbsp; &nbsp; Con motivo del D\u00eda de las Madres, pr\u00f3ximo a festejarse, la gobernadora de Aguascalientes, Tere Jim\u00e9nez, reconoci\u00f3 el papel de las voluntarias del DIF Estatal, quienes realizan una importante labor en las comunidades rurales del estado, donde capacitan a las mujeres en diferentes temas que contribuyen a su desarrollo [&hellip;]<\/p>\n","protected":false},"author":1,"featured_media":69054,"comment_status":"closed","ping_status":"open","sticky":false,"template":"","format":"standard","meta":{"advanced_seo_description":"","jetpack_seo_html_title":"","jetpack_seo_noindex":false,"_jetpack_memberships_contains_paid_content":false,"footnotes":"","jetpack_publicize_message":"","jetpack_publicize_feature_enabled":true,"jetpack_social_post_already_shared":true,"jetpack_social_options":{"image_generator_settings":{"template":"highway","default_image_id":0,"font":"","enabled":false},"version":2}},"categories":[21,4],"tags":[22,65,615],"class_list":["post-69053","post","type-post","status-publish","format-standard","has-post-thumbnail","hentry","category-aguascalientes","category-gobierno-del-estado-aguascalientes","tag-aguascalientes","tag-dif-estatal-aguascalientes","tag-gobierno-del-estado-de-aguascalientes"],"jetpack_publicize_connections":[],"jetpack_featured_media_url":"https:\/\/i0.wp.com\/informativoelvalledeaguascalientes.online\/wp-content\/uploads\/2025\/05\/aece052f-74f5-4e2c-b088-ef042cd902d5.jpg?fit=1590%2C1060&ssl=1","jetpack-related-posts":[],"jetpack_sharing_enabled":true,"jetpack_likes_enabled":true,"_links":{"self":[{"href":"https:\/\/informativoelvalledeaguascalientes.online\/index.php?rest_route=\/wp\/v2\/posts\/69053","targetHints":{"allow":["GET"]}}],"collection":[{"href":"https:\/\/informativoelvalledeaguascalientes.online\/index.php?rest_route=\/wp\/v2\/posts"}],"about":[{"href":"https:\/\/informativoelvalledeaguascalientes.online\/index.php?rest_route=\/wp\/v2\/types\/post"}],"author":[{"embeddable":true,"href":"https:\/\/informativoelvalledeaguascalientes.online\/index.php?rest_route=\/wp\/v2\/users\/1"}],"replies":[{"embeddable":true,"href":"https:\/\/informativoelvalledeaguascalientes.online\/index.php?rest_route=%2Fwp%2Fv2%2Fcomments&post=69053"}],"version-history":[{"count":1,"href":"https:\/\/informativoelvalledeaguascalientes.online\/index.php?rest_route=\/wp\/v2\/posts\/69053\/revisions"}],"predecessor-version":[{"id":69055,"href":"https:\/\/informativoelvalledeaguascalientes.online\/index.php?rest_route=\/wp\/v2\/posts\/69053\/revisions\/69055"}],"wp:featuredmedia":[{"embeddable":true,"href":"https:\/\/informativoelvalledeaguascalientes.online\/index.php?rest_route=\/wp\/v2\/media\/69054"}],"wp:attachment":[{"href":"https:\/\/informativoelvalledeaguascalientes.online\/index.php?rest_route=%2Fwp%2Fv2%2Fmedia&parent=69053"}],"wp:term":[{"taxonomy":"category","embeddable":true,"href":"https:\/\/informativoelvalledeaguascalientes.online\/index.php?rest_route=%2Fwp%2Fv2%2Fcategories&post=69053"},{"taxonomy":"post_tag","embeddable":true,"href":"https:\/\/informativoelvalledeaguascalientes.online\/index.php?rest_route=%2Fwp%2Fv2%2Ftags&post=69053"}],"curies":[{"name":"wp","href":"https:\/\/api.w.org\/{rel}","templated":true}]}}