{"id":69036,"date":"2025-05-07T20:52:23","date_gmt":"2025-05-08T02:52:23","guid":{"rendered":"https:\/\/informativoelvalledeaguascalientes.online\/?p=69036"},"modified":"2025-05-07T20:52:23","modified_gmt":"2025-05-08T02:52:23","slug":"policia-estatal-rosa-compromiso-y-proteccion-en-la-feria-nacional-de-san-marcos","status":"publish","type":"post","link":"https:\/\/informativoelvalledeaguascalientes.online\/?p=69036","title":{"rendered":"POLIC\u00cdA ESTATAL ROSA: COMPROMISO Y PROTECCI\u00d3N EN LA FERIA NACIONAL DE SAN MARCOS"},"content":{"rendered":"<p>#informativoelvalledeaguascalientes #novaradioaguascalientes #informativoelvalledeaguascalientesll #Aguascalientes<\/p>\n<p>&nbsp;<\/p>\n<p>&nbsp;<\/p>\n<p>La Secretar\u00eda de Seguridad P\u00fablica del Estado de Aguascalientes, a trav\u00e9s de su unidad especializada conocida como Polic\u00eda Rosa, refuerza su presencia durante la Feria Nacional de San Marcos (FNSM) para garantizar la seguridad y bienestar de mujeres, ni\u00f1as, ni\u00f1os y adolescentes.<\/p>\n<p>Durante la realizaci\u00f3n de la FNSM, la Polic\u00eda Rosa que cuenta con la preparaci\u00f3n en protocolos especiales, opera en las ocho Zonas Seguras instaladas en el per\u00edmetro ferial, espacios estrat\u00e9gicamente ubicados para ofrecer atenci\u00f3n inmediata a personas en situaci\u00f3n de vulnerabilidad. Estas zonas est\u00e1n equipadas con personal capacitado en protocolos de atenci\u00f3n a v\u00edctimas de violencia de g\u00e9nero y maltrato infantil, brindando protecci\u00f3n, orientaci\u00f3n y acompa\u00f1amiento a quienes lo requieran.<\/p>\n<p>La Unidad de Atenci\u00f3n a la Violencia de G\u00e9nero y de Atenci\u00f3n a las Infancias, se encarga de identificar y asistir a mujeres y menores de edad en situaciones de riesgo, canaliz\u00e1ndolas a instancias correspondientes para la denuncia de vulneraciones a sus derechos. Adem\u00e1s, brinda apoyo y seguimiento a menores extraviados, colaborando estrechamente con el DIF Estatal para garantizar su seguridad y reunificaci\u00f3n con sus familiares.<\/p>\n<p>Los elementos de la Polic\u00eda Rosa han recibido formaci\u00f3n especializada, enfocada en el respeto a los derechos humanos y la atenci\u00f3n a personas con necesidades espec\u00edficas, como aquellas con S\u00edndrome de Down o autismo. Su labor se complementa con la colaboraci\u00f3n de otras dependencias de la administraci\u00f3n estatal y organizaciones civiles, creando un entorno seguro y de apoyo para la ciudadan\u00eda.<\/p>\n<p>Para todas las personas que requieran asistencia pueden, acercarse a cualquiera de las Zonas Seguras dentro del per\u00edmetro ferial o comunicarse al Servicio de Emergencia 911, la Polic\u00eda Estatal est\u00e1 comprometida en ofrecer un espacio de confianza y protecci\u00f3n para todas las personas que asisten a la Feria m\u00e1s grande y segura de M\u00e9xico.<\/p>\n","protected":false},"excerpt":{"rendered":"<p>#informativoelvalledeaguascalientes #novaradioaguascalientes #informativoelvalledeaguascalientesll #Aguascalientes &nbsp; &nbsp; La Secretar\u00eda de Seguridad P\u00fablica del Estado de Aguascalientes, a trav\u00e9s de su unidad especializada conocida como Polic\u00eda Rosa, refuerza su presencia durante la Feria Nacional de San Marcos (FNSM) para garantizar la seguridad y bienestar de mujeres, ni\u00f1as, ni\u00f1os y adolescentes. Durante la realizaci\u00f3n de la FNSM, la [&hellip;]<\/p>\n","protected":false},"author":1,"featured_media":69037,"comment_status":"closed","ping_status":"open","sticky":false,"template":"","format":"standard","meta":{"advanced_seo_description":"","jetpack_seo_html_title":"","jetpack_seo_noindex":false,"_jetpack_memberships_contains_paid_content":false,"footnotes":"","jetpack_publicize_message":"","jetpack_publicize_feature_enabled":true,"jetpack_social_post_already_shared":true,"jetpack_social_options":{"image_generator_settings":{"template":"highway","default_image_id":0,"font":"","enabled":false},"version":2}},"categories":[21,4],"tags":[22,615],"class_list":["post-69036","post","type-post","status-publish","format-standard","has-post-thumbnail","hentry","category-aguascalientes","category-gobierno-del-estado-aguascalientes","tag-aguascalientes","tag-gobierno-del-estado-de-aguascalientes"],"jetpack_publicize_connections":[],"jetpack_featured_media_url":"https:\/\/i0.wp.com\/informativoelvalledeaguascalientes.online\/wp-content\/uploads\/2025\/05\/b1429eaa-de78-484f-8bf9-ed70dbb4792d.jpg?fit=1600%2C1066&ssl=1","jetpack-related-posts":[],"jetpack_sharing_enabled":true,"jetpack_likes_enabled":true,"_links":{"self":[{"href":"https:\/\/informativoelvalledeaguascalientes.online\/index.php?rest_route=\/wp\/v2\/posts\/69036","targetHints":{"allow":["GET"]}}],"collection":[{"href":"https:\/\/informativoelvalledeaguascalientes.online\/index.php?rest_route=\/wp\/v2\/posts"}],"about":[{"href":"https:\/\/informativoelvalledeaguascalientes.online\/index.php?rest_route=\/wp\/v2\/types\/post"}],"author":[{"embeddable":true,"href":"https:\/\/informativoelvalledeaguascalientes.online\/index.php?rest_route=\/wp\/v2\/users\/1"}],"replies":[{"embeddable":true,"href":"https:\/\/informativoelvalledeaguascalientes.online\/index.php?rest_route=%2Fwp%2Fv2%2Fcomments&post=69036"}],"version-history":[{"count":1,"href":"https:\/\/informativoelvalledeaguascalientes.online\/index.php?rest_route=\/wp\/v2\/posts\/69036\/revisions"}],"predecessor-version":[{"id":69038,"href":"https:\/\/informativoelvalledeaguascalientes.online\/index.php?rest_route=\/wp\/v2\/posts\/69036\/revisions\/69038"}],"wp:featuredmedia":[{"embeddable":true,"href":"https:\/\/informativoelvalledeaguascalientes.online\/index.php?rest_route=\/wp\/v2\/media\/69037"}],"wp:attachment":[{"href":"https:\/\/informativoelvalledeaguascalientes.online\/index.php?rest_route=%2Fwp%2Fv2%2Fmedia&parent=69036"}],"wp:term":[{"taxonomy":"category","embeddable":true,"href":"https:\/\/informativoelvalledeaguascalientes.online\/index.php?rest_route=%2Fwp%2Fv2%2Fcategories&post=69036"},{"taxonomy":"post_tag","embeddable":true,"href":"https:\/\/informativoelvalledeaguascalientes.online\/index.php?rest_route=%2Fwp%2Fv2%2Ftags&post=69036"}],"curies":[{"name":"wp","href":"https:\/\/api.w.org\/{rel}","templated":true}]}}