{"id":68956,"date":"2025-05-05T16:40:23","date_gmt":"2025-05-05T22:40:23","guid":{"rendered":"https:\/\/informativoelvalledeaguascalientes.online\/?p=68956"},"modified":"2025-05-05T16:40:23","modified_gmt":"2025-05-05T22:40:23","slug":"este-5-de-mayo-tere-jimenez-reafirma-su-compromiso-con-la-construccion-de-un-mexico-mas-igualitario","status":"publish","type":"post","link":"https:\/\/informativoelvalledeaguascalientes.online\/?p=68956","title":{"rendered":"ESTE 5 DE MAYO TERE JIM\u00c9NEZ REAFIRMA SU COMPROMISO CON LA CONSTRUCCI\u00d3N DE UN M\u00c9XICO M\u00c1S IGUALITARIO"},"content":{"rendered":"<p>#informativoelvalledeaguascalientes #novaradioaguascalientes #informativoelvalledeaguascalientesll #Aguascalientes<\/p>\n<p>&nbsp;<\/p>\n<p>&nbsp;<\/p>\n<p>La gobernadora de Aguascalientes, Tere Jim\u00e9nez, encabez\u00f3 la ceremonia c\u00edvico-militar en las instalaciones de la 14\/a. Zona Militar con motivo de la conmemoraci\u00f3n del CLXIII aniversario de la Batalla de Puebla.<\/p>\n<p>&nbsp;<\/p>\n<p>\u201cHoy, recordamos una de las p\u00e1ginas m\u00e1s memorables de nuestra historia, la victoria en la Batalla de Puebla, ocurrida el 5 de mayo de 1862. Hace 163 a\u00f1os la adversidad uni\u00f3 a todo un pa\u00eds que se enfrent\u00f3 al que era considerado el ej\u00e9rcito m\u00e1s poderoso del mundo; esa victoria dej\u00f3 una ense\u00f1anza que a\u00fan est\u00e1 vigente: M\u00e9xico no se rinde, lucha, se une y hace de la dignidad su fortaleza cada vez que su libertad est\u00e1 en juego.<\/p>\n<p>Hoy, como entonces, enfrentamos grandes desaf\u00edos, las batallas se libran en otros frentes; por ello, es preciso recordar que no hay fuerza m\u00e1s poderosa que la uni\u00f3n de un pueblo que cree en s\u00ed mismo. En esta fecha emblem\u00e1tica, retomamos con fuerza el legado de nuestros h\u00e9roes para seguir construyendo el pa\u00eds donde nadie se quede atr\u00e1s. M\u00e9xico es grande porque cree en el poder de la verdad y en la libertad como derecho; desde Aguascalientes reafirmamos nuestro compromiso con los ideales que nos dieron patria; es momento de recordar que la historia no se hereda, se honra\u201d, destac\u00f3 la gobernadora.<\/p>\n<p>Adem\u00e1s, dirigi\u00f3 un mensaje al personal del Servicio Militar Nacional Clase 2006, Remisos y Mujeres Voluntarias. \u201cA los j\u00f3venes que hoy han rendido protesta les digo que han asumido un compromiso noble con M\u00e9xico. A nombre del pueblo de Aguascalientes les agradezco y les expreso nuestro reconocimiento, no est\u00e1n solos, cuentan con el Gobierno del Estado para hacer realidad sus sue\u00f1os\u201d.<\/p>\n<p>Durante el evento se realiz\u00f3 un enlace con Claudia Sheinbaum Pardo, presidenta de la Rep\u00fablica mexicana y comandanta suprema de las Fuerzas Armadas Mexicanas, quien tom\u00f3 protesta de bandera al personal del Servicio Militar Nacional Clase 2006, Remisos y Mujeres Voluntarias que suman 37 mil 442 en 168 centros de adiestramiento en el pa\u00eds.<\/p>\n<p>Tambi\u00e9n estuvieron presentes Jos\u00e9 Francisco Moreno Barrera, comandante de la 14\/a. Zona Militar; Homero Edmundo Blanco Lozada, coordinador estatal de la Guardia Nacional en Aguascalientes; los diputados federales Liz Mart\u00ednez \u00c1lvarez, Humberto Ambriz y Paulo Mart\u00ednez L\u00f3pez; Luis Le\u00f3n M\u00e9ndez, presidente de la Mesa Directiva del H. Congreso del Estado; Leonardo Monta\u00f1ez Castro, presidente municipal de Aguascalientes; Antonio Mart\u00ednez Romo, secretario de Seguridad P\u00fablica del Estado; Manuel Alonso Garc\u00eda, fiscal general en el Estado; Luis Enrique Guti\u00e9rrez Reynoso, director general del Instituto de Educaci\u00f3n de Aguascalientes; Luis Enrique Morales Castillo, representante del 4.\u00b0 Regimiento Mecanizado, y Karla Aid\u00e9 Cornejo Calvillo, soldado del Servicio Militar Nacional.<\/p>\n","protected":false},"excerpt":{"rendered":"<p>#informativoelvalledeaguascalientes #novaradioaguascalientes #informativoelvalledeaguascalientesll #Aguascalientes &nbsp; &nbsp; La gobernadora de Aguascalientes, Tere Jim\u00e9nez, encabez\u00f3 la ceremonia c\u00edvico-militar en las instalaciones de la 14\/a. Zona Militar con motivo de la conmemoraci\u00f3n del CLXIII aniversario de la Batalla de Puebla. &nbsp; \u201cHoy, recordamos una de las p\u00e1ginas m\u00e1s memorables de nuestra historia, la victoria en la Batalla de [&hellip;]<\/p>\n","protected":false},"author":1,"featured_media":68957,"comment_status":"closed","ping_status":"open","sticky":false,"template":"","format":"standard","meta":{"advanced_seo_description":"","jetpack_seo_html_title":"","jetpack_seo_noindex":false,"_jetpack_memberships_contains_paid_content":false,"footnotes":"","jetpack_publicize_message":"","jetpack_publicize_feature_enabled":true,"jetpack_social_post_already_shared":true,"jetpack_social_options":{"image_generator_settings":{"template":"highway","default_image_id":0,"font":"","enabled":false},"version":2}},"categories":[21,4],"tags":[22,615,320],"class_list":["post-68956","post","type-post","status-publish","format-standard","has-post-thumbnail","hentry","category-aguascalientes","category-gobierno-del-estado-aguascalientes","tag-aguascalientes","tag-gobierno-del-estado-de-aguascalientes","tag-tere-jimenez"],"jetpack_publicize_connections":[],"jetpack_featured_media_url":"https:\/\/i0.wp.com\/informativoelvalledeaguascalientes.online\/wp-content\/uploads\/2025\/05\/b9bf8431-dfa1-4761-a824-d42359819238.jpg?fit=1600%2C1066&ssl=1","jetpack-related-posts":[],"jetpack_sharing_enabled":true,"jetpack_likes_enabled":true,"_links":{"self":[{"href":"https:\/\/informativoelvalledeaguascalientes.online\/index.php?rest_route=\/wp\/v2\/posts\/68956","targetHints":{"allow":["GET"]}}],"collection":[{"href":"https:\/\/informativoelvalledeaguascalientes.online\/index.php?rest_route=\/wp\/v2\/posts"}],"about":[{"href":"https:\/\/informativoelvalledeaguascalientes.online\/index.php?rest_route=\/wp\/v2\/types\/post"}],"author":[{"embeddable":true,"href":"https:\/\/informativoelvalledeaguascalientes.online\/index.php?rest_route=\/wp\/v2\/users\/1"}],"replies":[{"embeddable":true,"href":"https:\/\/informativoelvalledeaguascalientes.online\/index.php?rest_route=%2Fwp%2Fv2%2Fcomments&post=68956"}],"version-history":[{"count":1,"href":"https:\/\/informativoelvalledeaguascalientes.online\/index.php?rest_route=\/wp\/v2\/posts\/68956\/revisions"}],"predecessor-version":[{"id":68958,"href":"https:\/\/informativoelvalledeaguascalientes.online\/index.php?rest_route=\/wp\/v2\/posts\/68956\/revisions\/68958"}],"wp:featuredmedia":[{"embeddable":true,"href":"https:\/\/informativoelvalledeaguascalientes.online\/index.php?rest_route=\/wp\/v2\/media\/68957"}],"wp:attachment":[{"href":"https:\/\/informativoelvalledeaguascalientes.online\/index.php?rest_route=%2Fwp%2Fv2%2Fmedia&parent=68956"}],"wp:term":[{"taxonomy":"category","embeddable":true,"href":"https:\/\/informativoelvalledeaguascalientes.online\/index.php?rest_route=%2Fwp%2Fv2%2Fcategories&post=68956"},{"taxonomy":"post_tag","embeddable":true,"href":"https:\/\/informativoelvalledeaguascalientes.online\/index.php?rest_route=%2Fwp%2Fv2%2Ftags&post=68956"}],"curies":[{"name":"wp","href":"https:\/\/api.w.org\/{rel}","templated":true}]}}