{"id":68878,"date":"2025-05-04T16:47:38","date_gmt":"2025-05-04T22:47:38","guid":{"rendered":"https:\/\/informativoelvalledeaguascalientes.online\/?p=68878"},"modified":"2025-05-04T16:47:38","modified_gmt":"2025-05-04T22:47:38","slug":"estudiantes-de-aguascalientes-ganan-cinco-medallas-en-la-olimpiada-nacional-de-matematicas","status":"publish","type":"post","link":"https:\/\/informativoelvalledeaguascalientes.online\/?p=68878","title":{"rendered":"ESTUDIANTES DE AGUASCALIENTES GANAN CINCO MEDALLAS EN LA OLIMPIADA NACIONAL DE MATEM\u00c1TICAS"},"content":{"rendered":"<p>#informativoelvalledeaguascalientes #novaradioaguascalientes #informativoelvalledeaguascalientesll #Aguascalientes<\/p>\n<p>&nbsp;<\/p>\n<p>&nbsp;<\/p>\n<p>*Se obtuvieron una de oro, dos de plata y dos de bronce<br \/>\n*El director general del IEA, Luis Enrique Guti\u00e9rrez Reynoso, reafirm\u00f3 el respaldo de la gobernadora Tere Jim\u00e9nez al talento acad\u00e9mico de la entidad y su compromiso con la excelencia educativa<\/p>\n<p>&nbsp;<\/p>\n<p>La delegaci\u00f3n de estudiantes de Aguascalientes obtuvo destacados resultados en la XXV Olimpiada Nacional de Matem\u00e1ticas para Alumnos de Primaria, Secundaria y Bachillerato (ONMAPSB), realizada recientemente en Cholula, Puebla, al conquistar una medalla de oro, dos de plata y dos de bronce.<\/p>\n<p>La medalla de oro fue conseguida por Rodrigo Sald\u00edvar Mauricio, del Centro de Educaci\u00f3n Media de la Universidad Aut\u00f3noma de Aguascalientes, en la categor\u00eda de segundo semestre de bachillerato, consolid\u00e1ndose como uno de los mejores talentos matem\u00e1ticos del pa\u00eds en su nivel.<\/p>\n<p>Las medallas de plata las obtuvieron Alonso de Lira Medina, de la Escuela Secundaria General No. 2 Jos\u00e9 Clemente Orozco, en la categor\u00eda de segundo de secundaria, y Diego Rodr\u00edguez Medina, del Colegio Bosques International School, en la categor\u00eda de cuarto de primaria.<\/p>\n<p>Las preseas de bronce correspondieron a Jos\u00e9 Roberto Delgado Soledad, de la Escuela de la Ciudad de Aguascalientes (ECA), en la categor\u00eda de primero de secundaria, y a Luc\u00eda Guzm\u00e1n Rodr\u00edguez, de la Escuela Primaria Dr. Jes\u00fas D\u00edaz de Le\u00f3n, en la categor\u00eda de primero de primaria.<\/p>\n<p>En esta competencia acad\u00e9mica, participaron 15 estudiantes del estado, de los cuales 11 asistieron de forma presencial y cuatro m\u00e1s lo hicieron en modalidad virtual.<\/p>\n<p>El director general del Instituto de Educaci\u00f3n de Aguascalientes (IEA), Luis Enrique Guti\u00e9rrez Reynoso, felicit\u00f3 a los estudiantes por su dedicaci\u00f3n y disciplina, as\u00ed como al equipo docente que los acompa\u00f1\u00f3 en su preparaci\u00f3n. Subray\u00f3 que este tipo de eventos fortalecen el desarrollo acad\u00e9mico de las nuevas generaciones y refrend\u00f3 el compromiso de la gobernadora Tere Jim\u00e9nez de continuar impulsando el talento estudiantil en todas sus expresiones, consolidando a Aguascalientes como un referente en educaci\u00f3n a nivel nacional.<\/p>\n","protected":false},"excerpt":{"rendered":"<p>#informativoelvalledeaguascalientes #novaradioaguascalientes #informativoelvalledeaguascalientesll #Aguascalientes &nbsp; &nbsp; *Se obtuvieron una de oro, dos de plata y dos de bronce *El director general del IEA, Luis Enrique Guti\u00e9rrez Reynoso, reafirm\u00f3 el respaldo de la gobernadora Tere Jim\u00e9nez al talento acad\u00e9mico de la entidad y su compromiso con la excelencia educativa &nbsp; La delegaci\u00f3n de estudiantes de Aguascalientes [&hellip;]<\/p>\n","protected":false},"author":1,"featured_media":68879,"comment_status":"closed","ping_status":"open","sticky":false,"template":"","format":"standard","meta":{"advanced_seo_description":"","jetpack_seo_html_title":"","jetpack_seo_noindex":false,"_jetpack_memberships_contains_paid_content":false,"footnotes":"","jetpack_publicize_message":"","jetpack_publicize_feature_enabled":true,"jetpack_social_post_already_shared":true,"jetpack_social_options":{"image_generator_settings":{"template":"highway","default_image_id":0,"font":"","enabled":false},"version":2}},"categories":[21,4],"tags":[22,615,39],"class_list":["post-68878","post","type-post","status-publish","format-standard","has-post-thumbnail","hentry","category-aguascalientes","category-gobierno-del-estado-aguascalientes","tag-aguascalientes","tag-gobierno-del-estado-de-aguascalientes","tag-iea"],"jetpack_publicize_connections":[],"jetpack_featured_media_url":"https:\/\/i0.wp.com\/informativoelvalledeaguascalientes.online\/wp-content\/uploads\/2025\/05\/540354d4-8444-4394-89d7-b720ed589ba0.jpg?fit=1280%2C720&ssl=1","jetpack-related-posts":[],"jetpack_sharing_enabled":true,"jetpack_likes_enabled":true,"_links":{"self":[{"href":"https:\/\/informativoelvalledeaguascalientes.online\/index.php?rest_route=\/wp\/v2\/posts\/68878","targetHints":{"allow":["GET"]}}],"collection":[{"href":"https:\/\/informativoelvalledeaguascalientes.online\/index.php?rest_route=\/wp\/v2\/posts"}],"about":[{"href":"https:\/\/informativoelvalledeaguascalientes.online\/index.php?rest_route=\/wp\/v2\/types\/post"}],"author":[{"embeddable":true,"href":"https:\/\/informativoelvalledeaguascalientes.online\/index.php?rest_route=\/wp\/v2\/users\/1"}],"replies":[{"embeddable":true,"href":"https:\/\/informativoelvalledeaguascalientes.online\/index.php?rest_route=%2Fwp%2Fv2%2Fcomments&post=68878"}],"version-history":[{"count":1,"href":"https:\/\/informativoelvalledeaguascalientes.online\/index.php?rest_route=\/wp\/v2\/posts\/68878\/revisions"}],"predecessor-version":[{"id":68880,"href":"https:\/\/informativoelvalledeaguascalientes.online\/index.php?rest_route=\/wp\/v2\/posts\/68878\/revisions\/68880"}],"wp:featuredmedia":[{"embeddable":true,"href":"https:\/\/informativoelvalledeaguascalientes.online\/index.php?rest_route=\/wp\/v2\/media\/68879"}],"wp:attachment":[{"href":"https:\/\/informativoelvalledeaguascalientes.online\/index.php?rest_route=%2Fwp%2Fv2%2Fmedia&parent=68878"}],"wp:term":[{"taxonomy":"category","embeddable":true,"href":"https:\/\/informativoelvalledeaguascalientes.online\/index.php?rest_route=%2Fwp%2Fv2%2Fcategories&post=68878"},{"taxonomy":"post_tag","embeddable":true,"href":"https:\/\/informativoelvalledeaguascalientes.online\/index.php?rest_route=%2Fwp%2Fv2%2Ftags&post=68878"}],"curies":[{"name":"wp","href":"https:\/\/api.w.org\/{rel}","templated":true}]}}