{"id":68863,"date":"2025-05-04T16:34:22","date_gmt":"2025-05-04T22:34:22","guid":{"rendered":"https:\/\/informativoelvalledeaguascalientes.online\/?p=68863"},"modified":"2025-05-04T16:34:22","modified_gmt":"2025-05-04T22:34:22","slug":"fortalecen-capacidades-en-investigacion-criminal-con-curso-taller-multidisciplinario-para-personal-de-la-fge","status":"publish","type":"post","link":"https:\/\/informativoelvalledeaguascalientes.online\/?p=68863","title":{"rendered":"FORTALECEN CAPACIDADES EN INVESTIGACI\u00d3N CRIMINAL CON CURSO-TALLER MULTIDISCIPLINARIO PARA PERSONAL DE LA FGE"},"content":{"rendered":"<p>#informativoelvalledeaguascalientes #novaradioaguascalientes #informativoelvalledeaguascalientesll #Aguascalientes<\/p>\n<p>&nbsp;<\/p>\n<p>&nbsp;<\/p>\n<p>\u2022 La instituci\u00f3n reafirma su compromiso con la profesionalizaci\u00f3n del personal encargado de procurar justicia.<\/p>\n<p>Con el objetivo de reforzar los conocimientos t\u00e9cnicos y operativos del personal que participa en la investigaci\u00f3n de delitos, concluy\u00f3 con \u00e9xito el Curso-Taller de Investigaci\u00f3n Criminal Multidisciplinario, dirigido a Agentes del Ministerio P\u00fablico, Peritos y Agentes de Investigaci\u00f3n.<\/p>\n<p>En la clausura del evento, el Fiscal General del Estado, Manuel Alonso Garc\u00eda, reconoci\u00f3 el esfuerzo y la participaci\u00f3n activa de los asistentes, as\u00ed como la importancia de la formaci\u00f3n continua para mejorar los procesos de procuraci\u00f3n de justicia, adem\u00e1s de que esta capacitaci\u00f3n ser\u00e1 la base para la formaci\u00f3n de las Unidades de Investigaciones Especializadas (UDIES).<\/p>\n<p>\u201cEs fundamental que nuestro personal est\u00e9 preparado, actualizado y capacitado para enfrentar los desaf\u00edos que impone la criminalidad actual, solo as\u00ed podemos garantizar una justicia m\u00e1s eficiente, m\u00e1s humana y libre de impunidad\u201d, expres\u00f3 durante su mensaje de clausura.<\/p>\n<p>El curso-taller fue impartido por los reconocidos docentes Felipe V\u00e9lez Teista y Ana Gabriela Gayt\u00e1n Aceves, quienes compartieron su experiencia y conocimientos en temas clave como an\u00e1lisis criminal, t\u00e9cnicas avanzadas de investigaci\u00f3n, trabajo coordinado entre disciplinas y fortalecimiento de la cadena de custodia.<\/p>\n<p>En su mensaje, el abogado del Estado se\u00f1al\u00f3 que hoy m\u00e1s que nunca, se necesita de servidores p\u00fablicos comprometidos, preparados y conscientes del poder que tienen en sus manos: el poder de cambiar vidas, de esclarecer verdades, de restaurar la justicia.<\/p>\n<p>Indic\u00f3 que este curso-taller de investigaci\u00f3n criminal multidisciplinario no fue un simple requisito, fue una herramienta para fortalecerse, para trabajar con mayor precisi\u00f3n, para entender que la investigaci\u00f3n criminal no es tarea de una sola persona, ni de una sola \u00e1rea, es una labor que exige coordinaci\u00f3n, t\u00e9cnica, an\u00e1lisis, sensibilidad y firmeza, porque el trabajo de la instituci\u00f3n no admite errores, una carpeta mal integrada, una prueba mal resguardada, una omisi\u00f3n en la escena del crimen, puede significar que un culpable quede libre y eso es algo que no se puede permitir.<\/p>\n<p>Agreg\u00f3 que la Fiscal\u00eda necesita lo mejor de cada uno, no hay espacio para la mediocridad, no hay espacio para quienes s\u00f3lo vienen a cumplir horario, la justicia no tiene horario, las v\u00edctimas no descansan esperando que les resolvamos sus casos y la confianza de la gente no se recupera con discursos, se recupera con hechos, con resultados, con integridad.<\/p>\n<p>Indic\u00f3 que la capacitaci\u00f3n se desarroll\u00f3 bajo un enfoque multidisciplinario y pr\u00e1ctico, promoviendo la colaboraci\u00f3n efectiva entre las distintas \u00e1reas involucradas en la investigaci\u00f3n de delitos, lo que permitir\u00e1 fortalecer la calidad de las investigaciones y la presentaci\u00f3n de casos ante la autoridad judicial.<\/p>\n<p>Con estas acciones, la Fiscal\u00eda General del Estado contin\u00faa avanzando en su compromiso de profesionalizar a su personal, consolidando as\u00ed una instituci\u00f3n m\u00e1s eficiente, cercana a la ciudadan\u00eda y firme en su lucha contra la impunidad y la corrupci\u00f3n.<\/p>\n","protected":false},"excerpt":{"rendered":"<p>#informativoelvalledeaguascalientes #novaradioaguascalientes #informativoelvalledeaguascalientesll #Aguascalientes &nbsp; &nbsp; \u2022 La instituci\u00f3n reafirma su compromiso con la profesionalizaci\u00f3n del personal encargado de procurar justicia. Con el objetivo de reforzar los conocimientos t\u00e9cnicos y operativos del personal que participa en la investigaci\u00f3n de delitos, concluy\u00f3 con \u00e9xito el Curso-Taller de Investigaci\u00f3n Criminal Multidisciplinario, dirigido a Agentes del Ministerio P\u00fablico, [&hellip;]<\/p>\n","protected":false},"author":1,"featured_media":68864,"comment_status":"closed","ping_status":"open","sticky":false,"template":"","format":"standard","meta":{"advanced_seo_description":"","jetpack_seo_html_title":"","jetpack_seo_noindex":false,"_jetpack_memberships_contains_paid_content":false,"footnotes":"","jetpack_publicize_message":"","jetpack_publicize_feature_enabled":true,"jetpack_social_post_already_shared":true,"jetpack_social_options":{"image_generator_settings":{"template":"highway","default_image_id":0,"font":"","enabled":false},"version":2}},"categories":[21,4],"tags":[22,331],"class_list":["post-68863","post","type-post","status-publish","format-standard","has-post-thumbnail","hentry","category-aguascalientes","category-gobierno-del-estado-aguascalientes","tag-aguascalientes","tag-fiscalia-general-del-estado-de-aguascalientes"],"jetpack_publicize_connections":[],"jetpack_featured_media_url":"https:\/\/i0.wp.com\/informativoelvalledeaguascalientes.online\/wp-content\/uploads\/2025\/05\/ada91b94-3f05-4165-ae1f-867d6f09ac80.jpg?fit=1600%2C1069&ssl=1","jetpack-related-posts":[],"jetpack_sharing_enabled":true,"jetpack_likes_enabled":true,"_links":{"self":[{"href":"https:\/\/informativoelvalledeaguascalientes.online\/index.php?rest_route=\/wp\/v2\/posts\/68863","targetHints":{"allow":["GET"]}}],"collection":[{"href":"https:\/\/informativoelvalledeaguascalientes.online\/index.php?rest_route=\/wp\/v2\/posts"}],"about":[{"href":"https:\/\/informativoelvalledeaguascalientes.online\/index.php?rest_route=\/wp\/v2\/types\/post"}],"author":[{"embeddable":true,"href":"https:\/\/informativoelvalledeaguascalientes.online\/index.php?rest_route=\/wp\/v2\/users\/1"}],"replies":[{"embeddable":true,"href":"https:\/\/informativoelvalledeaguascalientes.online\/index.php?rest_route=%2Fwp%2Fv2%2Fcomments&post=68863"}],"version-history":[{"count":1,"href":"https:\/\/informativoelvalledeaguascalientes.online\/index.php?rest_route=\/wp\/v2\/posts\/68863\/revisions"}],"predecessor-version":[{"id":68865,"href":"https:\/\/informativoelvalledeaguascalientes.online\/index.php?rest_route=\/wp\/v2\/posts\/68863\/revisions\/68865"}],"wp:featuredmedia":[{"embeddable":true,"href":"https:\/\/informativoelvalledeaguascalientes.online\/index.php?rest_route=\/wp\/v2\/media\/68864"}],"wp:attachment":[{"href":"https:\/\/informativoelvalledeaguascalientes.online\/index.php?rest_route=%2Fwp%2Fv2%2Fmedia&parent=68863"}],"wp:term":[{"taxonomy":"category","embeddable":true,"href":"https:\/\/informativoelvalledeaguascalientes.online\/index.php?rest_route=%2Fwp%2Fv2%2Fcategories&post=68863"},{"taxonomy":"post_tag","embeddable":true,"href":"https:\/\/informativoelvalledeaguascalientes.online\/index.php?rest_route=%2Fwp%2Fv2%2Ftags&post=68863"}],"curies":[{"name":"wp","href":"https:\/\/api.w.org\/{rel}","templated":true}]}}