{"id":68849,"date":"2025-05-03T18:18:53","date_gmt":"2025-05-04T00:18:53","guid":{"rendered":"https:\/\/informativoelvalledeaguascalientes.online\/?p=68849"},"modified":"2025-05-03T18:18:53","modified_gmt":"2025-05-04T00:18:53","slug":"la-evaluacion-formativa-un-camino-hacia-la-mejora-educativa-continua","status":"publish","type":"post","link":"https:\/\/informativoelvalledeaguascalientes.online\/?p=68849","title":{"rendered":"La evaluaci\u00f3n formativa: un camino hacia la mejora educativa continua"},"content":{"rendered":"<p class=\"tm6\">#informativoelvalledeaguascalientes #novaradioaguascalientes #informativoelvalledeaguascalientesll #Aguascalientes<\/p>\n<p>&nbsp;<\/p>\n<p class=\"tm6\"><strong><span class=\"tm7\">\u00a0<\/span><\/strong><strong><span class=\"tm7\">\u00a0<\/span><\/strong><\/p>\n<p class=\"tm9\"><span class=\"tm11\">\u25cf <\/span><span class=\"tm10\">La evaluaci\u00f3n no debe ser un simple examen al final de un periodo, sino un proceso que se realiza constantemente para recoger evidencia del progreso y los obst\u00e1culos de los estudiantes.<\/span><\/p>\n<p class=\"tm9\"><span class=\"tm11\">\u25cf <\/span><span class=\"tm10\">En M\u00e9xico, las realidades socioecon\u00f3micas y culturales son diversas, lo que implica que los enfoques evaluativos deben ser flexibles y adaptados a cada situaci\u00f3n particular.<\/span><\/p>\n<p class=\"tm13\"><span class=\"tm10\">\u00a0<\/span><\/p>\n<p class=\"tm13\"><span class=\"tm10\">La Dra. Guadalupe Ruiz Cu\u00e9llar, profesora investigadora del Departamento de Educaci\u00f3n del Centro de Ciencias Sociales y Humanidades de la Universidad Aut\u00f3noma de Aguascalientes, reflexion\u00f3 sobre el papel crucial de la evaluaci\u00f3n en la mejora continua del sistema educativo mexicano. <\/span><\/p>\n<p class=\"tm13\"><span class=\"tm10\">\u00a0<\/span><\/p>\n<p class=\"tm13\"><span class=\"tm10\">La acad\u00e9mica se\u00f1al\u00f3 que, a pesar de los avances pedag\u00f3gicos en la educaci\u00f3n, muchas veces la evaluaci\u00f3n sigue siendo vista de manera tradicional: como una herramienta para asignar calificaciones al final de un ciclo acad\u00e9mico. Para la especialista, esta visi\u00f3n restringida de la evaluaci\u00f3n como algo exclusivo de la calificaci\u00f3n impide reconocer su verdadero potencial para mejorar la calidad educativa.<\/span><\/p>\n<p class=\"tm13\"><span class=\"tm10\">\u00a0<\/span><\/p>\n<p class=\"tm13\"><span class=\"tm10\">La Dra. Ruiz Cu\u00e9llar explica que la evaluaci\u00f3n debe concebirse como un proceso din\u00e1mico y continuo que permita a los docentes monitorear el aprendizaje de los estudiantes a lo largo de todo el proceso educativo. De acuerdo con la docente, es fundamental que la evaluaci\u00f3n se diversifique en cuanto a los instrumentos que se emplean, ya que el uso exclusivo de ex\u00e1menes tradicionales no es suficiente para evaluar integralmente el aprendizaje de los estudiantes.<\/span><\/p>\n<p class=\"tm13\"><span class=\"tm10\">\u00a0<\/span><\/p>\n<p class=\"tm13\"><span class=\"tm10\">Una de las claves de este enfoque es la evaluaci\u00f3n formativa, que se basa en el seguimiento continuo del proceso de aprendizaje. Esta metodolog\u00eda no solo mide el conocimiento adquirido al final de un curso, sino que tambi\u00e9n permite identificar de manera temprana las \u00e1reas en las que los estudiantes tienen dificultades. As\u00ed, los docentes pueden ajustar sus estrategias pedag\u00f3gicas en tiempo real para mejorar <\/span><span class=\"tm10\">este proceso<\/span><span class=\"tm10\">. <\/span><\/p>\n<p class=\"tm13\"><span class=\"tm10\">\u00a0<\/span><\/p>\n<p class=\"tm13\"><span class=\"tm10\">Sin embargo, uno de los principales obst\u00e1culos que enfrentan los docentes, especialmente en el sistema educativo p\u00fablico, es la falta de tiempo y recursos. Los grupos numerosos, sumados a la carga administrativa de los maestros, dificultan la implementaci\u00f3n de una evaluaci\u00f3n formativa m\u00e1s profunda. En muchas ocasiones, los profesores se ven obligados a emplear m\u00e9todos evaluativos r\u00e1pidos y f\u00e1ciles de aplicar, como los ex\u00e1menes de opci\u00f3n m\u00faltiple, que no permiten un seguimiento exhaustivo del aprendizaje de los estudiantes. Esta situaci\u00f3n limita la capacidad de los docentes para ofrecer una retroalimentaci\u00f3n continua y personalizada.<\/span><\/p>\n<p class=\"tm13\"><span class=\"tm10\">\u00a0<\/span><\/p>\n<p class=\"tm13\"><span class=\"tm10\">A pesar de estos desaf\u00edos, la Dra. Ruiz Cu\u00e9llar enfatiz\u00f3 que la evaluaci\u00f3n continua y diversificada podr\u00eda ser clave para mejorar los resultados educativos en M\u00e9xico. A trav\u00e9s de la adopci\u00f3n de nuevas herramientas y estrategias de evaluaci\u00f3n, los docentes podr\u00edan tener una mejor comprensi\u00f3n del progreso de cada estudiante, y con ello, generar intervenciones m\u00e1s precisas y oportunas. En su opini\u00f3n, este enfoque no solo mejora la calidad del aprendizaje, sino que tambi\u00e9n eleva la calidad de la ense\u00f1anza, ya que los docentes pueden ajustar su pr\u00e1ctica pedag\u00f3gica seg\u00fan las necesidades de sus estudiantes.<\/span><\/p>\n<p class=\"tm13\"><span class=\"tm10\">\u00a0<\/span><\/p>\n<p class=\"tm13\"><span class=\"tm10\">Adem\u00e1s, la especialista reflexion\u00f3 sobre la importancia de considerar el contexto en el que se desarrolla la evaluaci\u00f3n. En M\u00e9xico, las realidades socioecon\u00f3micas y culturales son diversas, lo que implica que los enfoques evaluativos deben ser flexibles y adaptados a cada situaci\u00f3n particular. Por ejemplo, en contextos rurales o en comunidades con altos \u00edndices de violencia, los docentes deben estar preparados para implementar evaluaciones que tengan en cuenta las realidades de sus estudiantes, y no solo los conocimientos te\u00f3ricos.<\/span><\/p>\n<p class=\"tm13\"><span class=\"tm10\">\u00a0<\/span><\/p>\n<p class=\"tm13\"><span class=\"tm10\">Finalmente, Ruiz Cu\u00e9llar concluy\u00f3 que para que la evaluaci\u00f3n cumpla su funci\u00f3n de mejorar la educaci\u00f3n en M\u00e9xico, es crucial que se avance hacia una cultura de evaluaci\u00f3n formativa. <\/span><\/p>\n<p class=\"tm13\"><span class=\"tm10\">\u00a0<\/span><\/p>\n<p class=\"Normal\">\n","protected":false},"excerpt":{"rendered":"<p>#informativoelvalledeaguascalientes #novaradioaguascalientes #informativoelvalledeaguascalientesll #Aguascalientes &nbsp; \u00a0\u00a0 \u25cf La evaluaci\u00f3n no debe ser un simple examen al final de un periodo, sino un proceso que se realiza constantemente para recoger evidencia del progreso y los obst\u00e1culos de los estudiantes. \u25cf En M\u00e9xico, las realidades socioecon\u00f3micas y culturales son diversas, lo que implica que los enfoques evaluativos [&hellip;]<\/p>\n","protected":false},"author":1,"featured_media":68850,"comment_status":"closed","ping_status":"open","sticky":false,"template":"","format":"standard","meta":{"advanced_seo_description":"","jetpack_seo_html_title":"","jetpack_seo_noindex":false,"_jetpack_memberships_contains_paid_content":false,"footnotes":"","jetpack_publicize_message":"","jetpack_publicize_feature_enabled":true,"jetpack_social_post_already_shared":true,"jetpack_social_options":{"image_generator_settings":{"template":"highway","default_image_id":0,"font":"","enabled":false},"version":2}},"categories":[21,629],"tags":[22,142],"class_list":["post-68849","post","type-post","status-publish","format-standard","has-post-thumbnail","hentry","category-aguascalientes","category-universidad-autonoma-de-aguascalientes","tag-aguascalientes","tag-uaa"],"jetpack_publicize_connections":[],"jetpack_featured_media_url":"https:\/\/i0.wp.com\/informativoelvalledeaguascalientes.online\/wp-content\/uploads\/2025\/05\/alumnos-evaluacion-2-scaled.jpg?fit=2560%2C1706&ssl=1","jetpack-related-posts":[],"jetpack_sharing_enabled":true,"jetpack_likes_enabled":true,"_links":{"self":[{"href":"https:\/\/informativoelvalledeaguascalientes.online\/index.php?rest_route=\/wp\/v2\/posts\/68849","targetHints":{"allow":["GET"]}}],"collection":[{"href":"https:\/\/informativoelvalledeaguascalientes.online\/index.php?rest_route=\/wp\/v2\/posts"}],"about":[{"href":"https:\/\/informativoelvalledeaguascalientes.online\/index.php?rest_route=\/wp\/v2\/types\/post"}],"author":[{"embeddable":true,"href":"https:\/\/informativoelvalledeaguascalientes.online\/index.php?rest_route=\/wp\/v2\/users\/1"}],"replies":[{"embeddable":true,"href":"https:\/\/informativoelvalledeaguascalientes.online\/index.php?rest_route=%2Fwp%2Fv2%2Fcomments&post=68849"}],"version-history":[{"count":1,"href":"https:\/\/informativoelvalledeaguascalientes.online\/index.php?rest_route=\/wp\/v2\/posts\/68849\/revisions"}],"predecessor-version":[{"id":68851,"href":"https:\/\/informativoelvalledeaguascalientes.online\/index.php?rest_route=\/wp\/v2\/posts\/68849\/revisions\/68851"}],"wp:featuredmedia":[{"embeddable":true,"href":"https:\/\/informativoelvalledeaguascalientes.online\/index.php?rest_route=\/wp\/v2\/media\/68850"}],"wp:attachment":[{"href":"https:\/\/informativoelvalledeaguascalientes.online\/index.php?rest_route=%2Fwp%2Fv2%2Fmedia&parent=68849"}],"wp:term":[{"taxonomy":"category","embeddable":true,"href":"https:\/\/informativoelvalledeaguascalientes.online\/index.php?rest_route=%2Fwp%2Fv2%2Fcategories&post=68849"},{"taxonomy":"post_tag","embeddable":true,"href":"https:\/\/informativoelvalledeaguascalientes.online\/index.php?rest_route=%2Fwp%2Fv2%2Ftags&post=68849"}],"curies":[{"name":"wp","href":"https:\/\/api.w.org\/{rel}","templated":true}]}}