{"id":68846,"date":"2025-05-03T18:10:05","date_gmt":"2025-05-04T00:10:05","guid":{"rendered":"https:\/\/informativoelvalledeaguascalientes.online\/?p=68846"},"modified":"2025-05-03T18:10:05","modified_gmt":"2025-05-04T00:10:05","slug":"el-gobierno-municipal-de-jesus-maria-reubica-las-oficinas-de-la-sedetu-para-brindar-un-mejor-servicio-a-la-ciudadania","status":"publish","type":"post","link":"https:\/\/informativoelvalledeaguascalientes.online\/?p=68846","title":{"rendered":"EL GOBIERNO MUNICIPAL DE JES\u00daS MAR\u00cdA REUBICA LAS OFICINAS DE LA SEDETU PARA BRINDAR UN MEJOR SERVICIO A LA CIUDADAN\u00cdA"},"content":{"rendered":"<p>#informativoelvalledeaguascalientes #novaradioaguascalientes #informativoelvalledeaguascalientesll #Aguascalientes<\/p>\n<p>&nbsp;<\/p>\n<p>&nbsp;<\/p>\n<p>Con el objetivo de ofrecer a la ciudadan\u00eda instalaciones m\u00e1s amplias y funcionales, el Gobierno Municipal de Jes\u00fas Mar\u00eda informa que las oficinas de la Secretar\u00eda de Desarrollo Territorial y Urbano (SEDETU) han sido reubicadas.<\/p>\n<p>A partir del 12 de mayo, los tr\u00e1mites relacionados con esta dependencia deber\u00e1n realizarse en la nueva direcci\u00f3n en la avenida Vi\u00f1a Antigua N.\u00ba 118, Fracc. Vi\u00f1a Antigua.<\/p>\n<p>Este cambio busca mejorar la atenci\u00f3n y eficiencia en la prestaci\u00f3n de servicios a los jesusmarienses. En esta nueva sede, las y los ciudadanos podr\u00e1n realizar diversos tr\u00e1mites, tales como solicitar la licencia de construcci\u00f3n, la expedici\u00f3n de la constancia municipal de compatibilidad urban\u00edstica para uso de suelo, entre otros servicios vinculados al desarrollo territorial y urbano del municipio.<\/p>\n<p>El Gobierno Municipal de Jes\u00fas Mar\u00eda agradece la comprensi\u00f3n de la ciudadan\u00eda y los invita a acudir a esta nueva ubicaci\u00f3n para cualquier tr\u00e1mite relacionado con la SEDETU.<\/p>\n","protected":false},"excerpt":{"rendered":"<p>#informativoelvalledeaguascalientes #novaradioaguascalientes #informativoelvalledeaguascalientesll #Aguascalientes &nbsp; &nbsp; Con el objetivo de ofrecer a la ciudadan\u00eda instalaciones m\u00e1s amplias y funcionales, el Gobierno Municipal de Jes\u00fas Mar\u00eda informa que las oficinas de la Secretar\u00eda de Desarrollo Territorial y Urbano (SEDETU) han sido reubicadas. A partir del 12 de mayo, los tr\u00e1mites relacionados con esta dependencia deber\u00e1n realizarse [&hellip;]<\/p>\n","protected":false},"author":1,"featured_media":68847,"comment_status":"closed","ping_status":"open","sticky":false,"template":"","format":"standard","meta":{"advanced_seo_description":"","jetpack_seo_html_title":"","jetpack_seo_noindex":false,"_jetpack_memberships_contains_paid_content":false,"footnotes":"","jetpack_publicize_message":"","jetpack_publicize_feature_enabled":true,"jetpack_social_post_already_shared":true,"jetpack_social_options":{"image_generator_settings":{"template":"highway","default_image_id":0,"font":"","enabled":false},"version":2}},"categories":[21,14],"tags":[22,45],"class_list":["post-68846","post","type-post","status-publish","format-standard","has-post-thumbnail","hentry","category-aguascalientes","category-jesus-maria-aguascalientes","tag-aguascalientes","tag-jesus-maria-aguascalientes"],"jetpack_publicize_connections":[],"jetpack_featured_media_url":"https:\/\/i0.wp.com\/informativoelvalledeaguascalientes.online\/wp-content\/uploads\/2025\/05\/90a419d4-6acd-4b46-b24a-e5e607ba7c01.jpg?fit=1280%2C1280&ssl=1","jetpack-related-posts":[],"jetpack_sharing_enabled":true,"jetpack_likes_enabled":true,"_links":{"self":[{"href":"https:\/\/informativoelvalledeaguascalientes.online\/index.php?rest_route=\/wp\/v2\/posts\/68846","targetHints":{"allow":["GET"]}}],"collection":[{"href":"https:\/\/informativoelvalledeaguascalientes.online\/index.php?rest_route=\/wp\/v2\/posts"}],"about":[{"href":"https:\/\/informativoelvalledeaguascalientes.online\/index.php?rest_route=\/wp\/v2\/types\/post"}],"author":[{"embeddable":true,"href":"https:\/\/informativoelvalledeaguascalientes.online\/index.php?rest_route=\/wp\/v2\/users\/1"}],"replies":[{"embeddable":true,"href":"https:\/\/informativoelvalledeaguascalientes.online\/index.php?rest_route=%2Fwp%2Fv2%2Fcomments&post=68846"}],"version-history":[{"count":1,"href":"https:\/\/informativoelvalledeaguascalientes.online\/index.php?rest_route=\/wp\/v2\/posts\/68846\/revisions"}],"predecessor-version":[{"id":68848,"href":"https:\/\/informativoelvalledeaguascalientes.online\/index.php?rest_route=\/wp\/v2\/posts\/68846\/revisions\/68848"}],"wp:featuredmedia":[{"embeddable":true,"href":"https:\/\/informativoelvalledeaguascalientes.online\/index.php?rest_route=\/wp\/v2\/media\/68847"}],"wp:attachment":[{"href":"https:\/\/informativoelvalledeaguascalientes.online\/index.php?rest_route=%2Fwp%2Fv2%2Fmedia&parent=68846"}],"wp:term":[{"taxonomy":"category","embeddable":true,"href":"https:\/\/informativoelvalledeaguascalientes.online\/index.php?rest_route=%2Fwp%2Fv2%2Fcategories&post=68846"},{"taxonomy":"post_tag","embeddable":true,"href":"https:\/\/informativoelvalledeaguascalientes.online\/index.php?rest_route=%2Fwp%2Fv2%2Ftags&post=68846"}],"curies":[{"name":"wp","href":"https:\/\/api.w.org\/{rel}","templated":true}]}}