{"id":68838,"date":"2025-05-03T18:02:26","date_gmt":"2025-05-04T00:02:26","guid":{"rendered":"https:\/\/informativoelvalledeaguascalientes.online\/?p=68838"},"modified":"2025-05-03T18:02:26","modified_gmt":"2025-05-04T00:02:26","slug":"el-gobierno-de-calvillo-aguascalientes-incentiva-a-sus-elementos-de-sspvc","status":"publish","type":"post","link":"https:\/\/informativoelvalledeaguascalientes.online\/?p=68838","title":{"rendered":"El Gobierno de Calvillo Aguascalientes incentiva a sus elementos de SSPVC"},"content":{"rendered":"<p>#informativoelvalledeaguascalientes #novaradioaguascalientes #informativoelvalledeaguascalientesll #Aguascalientes<\/p>\n<p>&nbsp;<\/p>\n<p>&nbsp;<\/p>\n<p>El Gobierno de Calvillo, encabezado por el presidente municipal Daniel Romo Urrutia, entreg\u00f3 los reconocimientos e incentivos a los polic\u00edas del mes, adscritos a la Secretar\u00eda de Seguridad Publica y Vialidad de Calvillo.<\/p>\n<p>El alcalde destac\u00f3 que este reconocimiento busca honrar el compromiso, la disciplina y la dedicaci\u00f3n de las y los polic\u00edas que trabajan incansablemente para garantizar la seguridad y tranquilidad de las familias calvillenses, incentivando a quienes, con valor y responsabilidad, velan por nuestro municipio.<\/p>\n<p>El secretario de Seguridad P\u00fablica y Vialidad Municipal, Felipe Bland\u00f3n Hern\u00e1ndez, expres\u00f3 su agradecimiento y felicitaciones a los elementos, destacando la importancia de su labor para construir un municipio m\u00e1s seguro y ordenado.<\/p>\n<p>Asimismo, se present\u00f3 a Jes\u00fas Guadalupe Medina Guti\u00e9rrez del Grupo de Operaciones Especiales de Polic\u00eda Estatal, como director operativo de esta corporaci\u00f3n, quien reiter\u00f3 el compromiso de trabajar coordinadamente en favor de la seguridad, manteniendo el esp\u00edritu de servicio y cumpliendo con el deber que le ha sido encomendado.<\/p>\n<p>#GobiernoDeCalvillo<\/p>\n","protected":false},"excerpt":{"rendered":"<p>#informativoelvalledeaguascalientes #novaradioaguascalientes #informativoelvalledeaguascalientesll #Aguascalientes &nbsp; &nbsp; El Gobierno de Calvillo, encabezado por el presidente municipal Daniel Romo Urrutia, entreg\u00f3 los reconocimientos e incentivos a los polic\u00edas del mes, adscritos a la Secretar\u00eda de Seguridad Publica y Vialidad de Calvillo. El alcalde destac\u00f3 que este reconocimiento busca honrar el compromiso, la disciplina y la dedicaci\u00f3n de [&hellip;]<\/p>\n","protected":false},"author":1,"featured_media":68839,"comment_status":"closed","ping_status":"open","sticky":false,"template":"","format":"standard","meta":{"advanced_seo_description":"","jetpack_seo_html_title":"","jetpack_seo_noindex":false,"_jetpack_memberships_contains_paid_content":false,"footnotes":"","jetpack_publicize_message":"","jetpack_publicize_feature_enabled":true,"jetpack_social_post_already_shared":true,"jetpack_social_options":{"image_generator_settings":{"template":"highway","default_image_id":0,"font":"","enabled":false},"version":2}},"categories":[21,13],"tags":[22,88,29],"class_list":["post-68838","post","type-post","status-publish","format-standard","has-post-thumbnail","hentry","category-aguascalientes","category-calvillo-aguascalientes","tag-aguascalientes","tag-calvillo","tag-calvillo-aguascalientes"],"jetpack_publicize_connections":[],"jetpack_featured_media_url":"https:\/\/i0.wp.com\/informativoelvalledeaguascalientes.online\/wp-content\/uploads\/2025\/05\/bb70c29f-9196-4448-a46f-591f06f6223e.jpg?fit=1600%2C1066&ssl=1","jetpack-related-posts":[],"jetpack_sharing_enabled":true,"jetpack_likes_enabled":true,"_links":{"self":[{"href":"https:\/\/informativoelvalledeaguascalientes.online\/index.php?rest_route=\/wp\/v2\/posts\/68838","targetHints":{"allow":["GET"]}}],"collection":[{"href":"https:\/\/informativoelvalledeaguascalientes.online\/index.php?rest_route=\/wp\/v2\/posts"}],"about":[{"href":"https:\/\/informativoelvalledeaguascalientes.online\/index.php?rest_route=\/wp\/v2\/types\/post"}],"author":[{"embeddable":true,"href":"https:\/\/informativoelvalledeaguascalientes.online\/index.php?rest_route=\/wp\/v2\/users\/1"}],"replies":[{"embeddable":true,"href":"https:\/\/informativoelvalledeaguascalientes.online\/index.php?rest_route=%2Fwp%2Fv2%2Fcomments&post=68838"}],"version-history":[{"count":1,"href":"https:\/\/informativoelvalledeaguascalientes.online\/index.php?rest_route=\/wp\/v2\/posts\/68838\/revisions"}],"predecessor-version":[{"id":68840,"href":"https:\/\/informativoelvalledeaguascalientes.online\/index.php?rest_route=\/wp\/v2\/posts\/68838\/revisions\/68840"}],"wp:featuredmedia":[{"embeddable":true,"href":"https:\/\/informativoelvalledeaguascalientes.online\/index.php?rest_route=\/wp\/v2\/media\/68839"}],"wp:attachment":[{"href":"https:\/\/informativoelvalledeaguascalientes.online\/index.php?rest_route=%2Fwp%2Fv2%2Fmedia&parent=68838"}],"wp:term":[{"taxonomy":"category","embeddable":true,"href":"https:\/\/informativoelvalledeaguascalientes.online\/index.php?rest_route=%2Fwp%2Fv2%2Fcategories&post=68838"},{"taxonomy":"post_tag","embeddable":true,"href":"https:\/\/informativoelvalledeaguascalientes.online\/index.php?rest_route=%2Fwp%2Fv2%2Ftags&post=68838"}],"curies":[{"name":"wp","href":"https:\/\/api.w.org\/{rel}","templated":true}]}}