{"id":68653,"date":"2025-04-29T00:23:32","date_gmt":"2025-04-29T06:23:32","guid":{"rendered":"https:\/\/informativoelvalledeaguascalientes.online\/?p=68653"},"modified":"2025-04-29T00:24:57","modified_gmt":"2025-04-29T06:24:57","slug":"orgullo-jesusmariense-en-la-pasarela-de-trajes-tipicos-de-la-fnsm-2025","status":"publish","type":"post","link":"https:\/\/informativoelvalledeaguascalientes.online\/?p=68653","title":{"rendered":"ORGULLO JESUSMARIENSE EN LA PASARELA DE TRAJES T\u00cdPICOS DE LA FNSM 2025"},"content":{"rendered":"<p>#informativoelvalledeaguascalientes #novaradioaguascalientes #informativoelvalledeaguascalientesll #Aguascalientes<\/p>\n<p>&nbsp;<\/p>\n<p>&nbsp;<\/p>\n<p>El Foro Artesanal y Tur\u00edstico de la Feria Nacional de San Marcos (FNSM) se llen\u00f3 de color, tradici\u00f3n y talento con la espectacular Pasarela de Trajes T\u00edpicos de los Municipios del Estado de Aguascalientes.<\/p>\n<p>Entre los momentos m\u00e1s destacados de la jornada brill\u00f3 la participaci\u00f3n de Amairany Arellano Mora, quien represent\u00f3 con gran orgullo a nuestro querido municipio de Jes\u00fas Mar\u00eda como su Embajadora Tur\u00edstica.<\/p>\n<p>Amairany deslumbr\u00f3 en la pasarela al portar el majestuoso traje t\u00edpico &#8220;Vistiendo a mi Tierra&#8221;, una creaci\u00f3n de la talentosa dise\u00f1adora Andrea Suje Raygoza Mac\u00edas, quien obtuvo el primer lugar en el Concurso de Traje T\u00edpico 2024 celebrado en Jes\u00fas Mar\u00eda.<\/p>\n<p>El traje, que rinde homenaje a nuestras ra\u00edces, tradiciones y cultura, fue recibido con gran admiraci\u00f3n por el p\u00fablico, quienes aplaudieron no solo la belleza del dise\u00f1o, sino tambi\u00e9n el orgullo con el que fue portado.<\/p>\n<p>Desde Jes\u00fas Mar\u00eda celebramos y reconocemos el talento de nuestras j\u00f3venes embajadoras y dise\u00f1adoras, quienes contin\u00faan poniendo en alto el nombre de nuestro municipio en los escenarios m\u00e1s importantes del estado.<\/p>\n<p>\u00a1Felicidades a Amairany Arellano Mora y Andrea Suje Raygoza Mac\u00edas por esta gran participaci\u00f3n!<\/p>\n<p>\u00a1Jes\u00fas Mar\u00eda se viste de orgullo y tradici\u00f3n en la FNSM 2025!<\/p>\n","protected":false},"excerpt":{"rendered":"<p>#informativoelvalledeaguascalientes #novaradioaguascalientes #informativoelvalledeaguascalientesll #Aguascalientes &nbsp; &nbsp; El Foro Artesanal y Tur\u00edstico de la Feria Nacional de San Marcos (FNSM) se llen\u00f3 de color, tradici\u00f3n y talento con la espectacular Pasarela de Trajes T\u00edpicos de los Municipios del Estado de Aguascalientes. Entre los momentos m\u00e1s destacados de la jornada brill\u00f3 la participaci\u00f3n de Amairany Arellano Mora, [&hellip;]<\/p>\n","protected":false},"author":1,"featured_media":68654,"comment_status":"closed","ping_status":"open","sticky":false,"template":"","format":"standard","meta":{"advanced_seo_description":"","jetpack_seo_html_title":"","jetpack_seo_noindex":false,"_jetpack_memberships_contains_paid_content":false,"footnotes":"","jetpack_publicize_message":"","jetpack_publicize_feature_enabled":true,"jetpack_social_post_already_shared":true,"jetpack_social_options":{"image_generator_settings":{"template":"highway","default_image_id":0,"font":"","enabled":false},"version":2}},"categories":[21,14],"tags":[22,45],"class_list":["post-68653","post","type-post","status-publish","format-standard","has-post-thumbnail","hentry","category-aguascalientes","category-jesus-maria-aguascalientes","tag-aguascalientes","tag-jesus-maria-aguascalientes"],"jetpack_publicize_connections":[],"jetpack_featured_media_url":"https:\/\/i0.wp.com\/informativoelvalledeaguascalientes.online\/wp-content\/uploads\/2025\/04\/1163986c-1df3-42b6-9228-36bbd20c75f1.jpg?fit=1600%2C747&ssl=1","jetpack-related-posts":[],"jetpack_sharing_enabled":true,"jetpack_likes_enabled":true,"_links":{"self":[{"href":"https:\/\/informativoelvalledeaguascalientes.online\/index.php?rest_route=\/wp\/v2\/posts\/68653","targetHints":{"allow":["GET"]}}],"collection":[{"href":"https:\/\/informativoelvalledeaguascalientes.online\/index.php?rest_route=\/wp\/v2\/posts"}],"about":[{"href":"https:\/\/informativoelvalledeaguascalientes.online\/index.php?rest_route=\/wp\/v2\/types\/post"}],"author":[{"embeddable":true,"href":"https:\/\/informativoelvalledeaguascalientes.online\/index.php?rest_route=\/wp\/v2\/users\/1"}],"replies":[{"embeddable":true,"href":"https:\/\/informativoelvalledeaguascalientes.online\/index.php?rest_route=%2Fwp%2Fv2%2Fcomments&post=68653"}],"version-history":[{"count":3,"href":"https:\/\/informativoelvalledeaguascalientes.online\/index.php?rest_route=\/wp\/v2\/posts\/68653\/revisions"}],"predecessor-version":[{"id":68657,"href":"https:\/\/informativoelvalledeaguascalientes.online\/index.php?rest_route=\/wp\/v2\/posts\/68653\/revisions\/68657"}],"wp:featuredmedia":[{"embeddable":true,"href":"https:\/\/informativoelvalledeaguascalientes.online\/index.php?rest_route=\/wp\/v2\/media\/68654"}],"wp:attachment":[{"href":"https:\/\/informativoelvalledeaguascalientes.online\/index.php?rest_route=%2Fwp%2Fv2%2Fmedia&parent=68653"}],"wp:term":[{"taxonomy":"category","embeddable":true,"href":"https:\/\/informativoelvalledeaguascalientes.online\/index.php?rest_route=%2Fwp%2Fv2%2Fcategories&post=68653"},{"taxonomy":"post_tag","embeddable":true,"href":"https:\/\/informativoelvalledeaguascalientes.online\/index.php?rest_route=%2Fwp%2Fv2%2Ftags&post=68653"}],"curies":[{"name":"wp","href":"https:\/\/api.w.org\/{rel}","templated":true}]}}