{"id":68647,"date":"2025-04-29T00:11:54","date_gmt":"2025-04-29T06:11:54","guid":{"rendered":"https:\/\/informativoelvalledeaguascalientes.online\/?p=68647"},"modified":"2025-04-29T00:11:54","modified_gmt":"2025-04-29T06:11:54","slug":"exito-rotundo-de-los-alamenos-de-la-sierra-en-el-foro-de-las-estrellas-mazda","status":"publish","type":"post","link":"https:\/\/informativoelvalledeaguascalientes.online\/?p=68647","title":{"rendered":"\u00c9XITO ROTUNDO DE LOS ALAME\u00d1OS DE LA SIERRA EN EL FORO DE LAS ESTRELLAS MAZDA"},"content":{"rendered":"<p>#informativoelvalledeaguascalientes #novaradioaguascalientes #informativoelvalledeaguascalientesll #Aguascalientes #FNSM2025<\/p>\n<p>&nbsp;<\/p>\n<p>&nbsp;<\/p>\n<p>Con un p\u00fablico entregado a la m\u00fasica sinaloense que presentaron Los Alame\u00f1os de la Sierra, se cimbr\u00f3 el Foro de las Estrellas Mazda la noche de este domingo en la que interpretaron sus principales \u00e9xitos que hicieron bailar a asistentes de todas las edades.<\/p>\n<p>De manera paulatina el teatro del pueblo se fue llenando de fans de este grupo originario de Los Mochis, Sinaloa, que desde el momento en que salieron al escenario hicieron cantar y bailar con entusiasmo a los presentes.<br \/>\nFue as\u00ed como confirmaron ser una de las bandas sierre\u00f1as favoritas de los feriantes de este 2025, lo cual pudo corroborarse con el entusiasmo que mostraron al bailar y cantar los m\u00e1s de 15 mil asistentes aproximadamente entusiasmo el Foro de las Estrellas Mazda.<\/p>\n<p>Result\u00f3 una maravilla como s\u00f3lo tres personas, Fernando Bejarano que es el cantante y en el acorde\u00f3n, Germ\u00e1n Misquez del requinto y Jorge Elizalde que toca el bajo el\u00e9ctrico, hicieron cimbrar el Foro de las Estrellas Mazda con instrumentos de cuerdas y los diversos acordeones con los que hicieron su m\u00fasica y una verdadera fiesta de comuni\u00f3n popular.<\/p>\n","protected":false},"excerpt":{"rendered":"<p>#informativoelvalledeaguascalientes #novaradioaguascalientes #informativoelvalledeaguascalientesll #Aguascalientes #FNSM2025 &nbsp; &nbsp; Con un p\u00fablico entregado a la m\u00fasica sinaloense que presentaron Los Alame\u00f1os de la Sierra, se cimbr\u00f3 el Foro de las Estrellas Mazda la noche de este domingo en la que interpretaron sus principales \u00e9xitos que hicieron bailar a asistentes de todas las edades. De manera paulatina el [&hellip;]<\/p>\n","protected":false},"author":1,"featured_media":68648,"comment_status":"closed","ping_status":"open","sticky":false,"template":"","format":"standard","meta":{"advanced_seo_description":"","jetpack_seo_html_title":"","jetpack_seo_noindex":false,"_jetpack_memberships_contains_paid_content":false,"footnotes":"","jetpack_publicize_message":"","jetpack_publicize_feature_enabled":true,"jetpack_social_post_already_shared":true,"jetpack_social_options":{"image_generator_settings":{"template":"highway","default_image_id":0,"font":"","enabled":false},"version":2}},"categories":[21,4],"tags":[22,615],"class_list":["post-68647","post","type-post","status-publish","format-standard","has-post-thumbnail","hentry","category-aguascalientes","category-gobierno-del-estado-aguascalientes","tag-aguascalientes","tag-gobierno-del-estado-de-aguascalientes"],"jetpack_publicize_connections":[],"jetpack_featured_media_url":"https:\/\/i0.wp.com\/informativoelvalledeaguascalientes.online\/wp-content\/uploads\/2025\/04\/a6a83186-4d26-466d-8ac3-ff20564fcb3d.jpg?fit=1600%2C1066&ssl=1","jetpack-related-posts":[],"jetpack_sharing_enabled":true,"jetpack_likes_enabled":true,"_links":{"self":[{"href":"https:\/\/informativoelvalledeaguascalientes.online\/index.php?rest_route=\/wp\/v2\/posts\/68647","targetHints":{"allow":["GET"]}}],"collection":[{"href":"https:\/\/informativoelvalledeaguascalientes.online\/index.php?rest_route=\/wp\/v2\/posts"}],"about":[{"href":"https:\/\/informativoelvalledeaguascalientes.online\/index.php?rest_route=\/wp\/v2\/types\/post"}],"author":[{"embeddable":true,"href":"https:\/\/informativoelvalledeaguascalientes.online\/index.php?rest_route=\/wp\/v2\/users\/1"}],"replies":[{"embeddable":true,"href":"https:\/\/informativoelvalledeaguascalientes.online\/index.php?rest_route=%2Fwp%2Fv2%2Fcomments&post=68647"}],"version-history":[{"count":1,"href":"https:\/\/informativoelvalledeaguascalientes.online\/index.php?rest_route=\/wp\/v2\/posts\/68647\/revisions"}],"predecessor-version":[{"id":68649,"href":"https:\/\/informativoelvalledeaguascalientes.online\/index.php?rest_route=\/wp\/v2\/posts\/68647\/revisions\/68649"}],"wp:featuredmedia":[{"embeddable":true,"href":"https:\/\/informativoelvalledeaguascalientes.online\/index.php?rest_route=\/wp\/v2\/media\/68648"}],"wp:attachment":[{"href":"https:\/\/informativoelvalledeaguascalientes.online\/index.php?rest_route=%2Fwp%2Fv2%2Fmedia&parent=68647"}],"wp:term":[{"taxonomy":"category","embeddable":true,"href":"https:\/\/informativoelvalledeaguascalientes.online\/index.php?rest_route=%2Fwp%2Fv2%2Fcategories&post=68647"},{"taxonomy":"post_tag","embeddable":true,"href":"https:\/\/informativoelvalledeaguascalientes.online\/index.php?rest_route=%2Fwp%2Fv2%2Ftags&post=68647"}],"curies":[{"name":"wp","href":"https:\/\/api.w.org\/{rel}","templated":true}]}}