{"id":685,"date":"2019-12-07T18:21:38","date_gmt":"2019-12-08T00:21:38","guid":{"rendered":"http:\/\/informativoelvalledeaguascalientes.online\/?p=685"},"modified":"2019-12-07T18:21:38","modified_gmt":"2019-12-08T00:21:38","slug":"en-ags-la-educacion-es-para-todos-derribamos-las-barreras-de-la-exclusion-mos","status":"publish","type":"post","link":"https:\/\/informativoelvalledeaguascalientes.online\/?p=685","title":{"rendered":"EN AGS LA EDUCACI\u00d3N ES PARA TODOS, DERRIBAMOS LAS BARRERAS DE LA EXCLUSI\u00d3N: MOS"},"content":{"rendered":"<ul>\n<li dir=\"ltr\">\n<p dir=\"ltr\">El Gobernador inaugur\u00f3 las nuevas instalaciones del Centro de Atenci\u00f3n M\u00faltiple 18 en el Municipio de El Llano<\/p>\n<\/li>\n<li dir=\"ltr\">\n<p dir=\"ltr\">Ni\u00f1as y ni\u00f1os con discapacidad ahora cuentan con instalaciones dignas y seguras para una educaci\u00f3n incluyente<\/p>\n<\/li>\n<\/ul>\n<p dir=\"ltr\">Este Gobierno est\u00e1 facilitando el acceso de la poblaci\u00f3n con capacidades diferentes a la educaci\u00f3n, a un empleo productivo y a una mejor calidad de vida, porque en Aguascalientes todos merecen las mismas oportunidades; as\u00ed lo asegur\u00f3 el Gobernador Mart\u00edn Orozco Sandoval durante su gira de trabajo por el El Llano.<\/p>\n<p dir=\"ltr\">Al inaugurar las nuevas instalaciones del Centro de Atenci\u00f3n M\u00faltiple (CAM) 18 que brinda atenci\u00f3n a alumnos con discapacidad severa o m\u00faltiple, el mandatario se\u00f1al\u00f3 que seguir\u00e1n los esfuerzos para proveer a los ni\u00f1os con alg\u00fan tipo de discapacidad, de espacios para que puedan recibir una educaci\u00f3n especial en entornos que favorezcan la integraci\u00f3n social.<\/p>\n<p dir=\"ltr\">Al ser acompa\u00f1ado por su esposa y Presidenta del Sistema DIF Estatal, Yolanda Ram\u00edrez de Orozco, agradeci\u00f3 a las autoridades municipales, educativas, maestras y padres de familia por brindar su amor, atenci\u00f3n y tiempo a cada uno de los 30 ni\u00f1os que hoy disfrutan de instalaciones seguras y adaptadas para todos ellos.<\/p>\n<p dir=\"ltr\">Finalmente manifest\u00f3 que su administraci\u00f3n continuar\u00e1 implementando mejoras en los CAM de la entidad, porque este gobierno es incluyente y trabaja a diario de la mano del DIF a favor de las ni\u00f1as y ni\u00f1os de Aguascalientes.<\/p>\n<p dir=\"ltr\">Mart\u00edn Orozco y Yolanda Ram\u00edrez tuvieron la oportunidad de convivir con los infantes y sus padres, quienes agradecieron sus gestiones y acciones emprendidas para las personas con discapacidad.<\/p>\n<p dir=\"ltr\">Cabe mencionar que estas instalaciones se realizaron con una inversi\u00f3n de 11.5 millones de pesos, actualmente a 30 ni\u00f1as y ni\u00f1os. Est\u00e1 constituido por \u00e1rea administrativa, \u00e1rea de diagn\u00f3stico y m\u00f3dulo de servicios sanitarios; aulas did\u00e1cticas con ba\u00f1os, cocina, almac\u00e9n y bodega;\u00a0 aula did\u00e1ctica con ba\u00f1o y sal\u00f3n de usos m\u00faltiples con ba\u00f1o; as\u00ed como plaza c\u00edvica, asta bandera, cubierta en plaza c\u00edvica con lona, p\u00f3rtico de acceso, andadores y cerco perimetral.<\/p>\n<p dir=\"ltr\">En el evento estuvo presente el alcalde de El Llano, as\u00ed como autoridades federales, estatales y municipales.<\/p>\n","protected":false},"excerpt":{"rendered":"<p>El Gobernador inaugur\u00f3 las nuevas instalaciones del Centro de Atenci\u00f3n M\u00faltiple 18 en el Municipio de El Llano Ni\u00f1as y ni\u00f1os con discapacidad ahora cuentan con instalaciones dignas y seguras para una educaci\u00f3n incluyente Este Gobierno est\u00e1 facilitando el acceso de la poblaci\u00f3n con capacidades diferentes a la educaci\u00f3n, a un empleo productivo y a [&hellip;]<\/p>\n","protected":false},"author":1,"featured_media":686,"comment_status":"open","ping_status":"open","sticky":false,"template":"","format":"standard","meta":{"advanced_seo_description":"","jetpack_seo_html_title":"","jetpack_seo_noindex":false,"_jetpack_memberships_contains_paid_content":false,"footnotes":"","jetpack_publicize_message":"","jetpack_publicize_feature_enabled":true,"jetpack_social_post_already_shared":false,"jetpack_social_options":{"image_generator_settings":{"template":"highway","default_image_id":0,"font":"","enabled":false},"version":2}},"categories":[21,17,4],"tags":[22,73,31],"class_list":["post-685","post","type-post","status-publish","format-standard","has-post-thumbnail","hentry","category-aguascalientes","category-el-llano-aguascalientes","category-gobierno-del-estado-aguascalientes","tag-aguascalientes","tag-el-llano-aguascalientes","tag-mos"],"jetpack_publicize_connections":[],"jetpack_featured_media_url":"https:\/\/i0.wp.com\/informativoelvalledeaguascalientes.online\/wp-content\/uploads\/2019\/12\/mos_el_llano_2_07122019.jpg?fit=873%2C582&ssl=1","jetpack-related-posts":[],"jetpack_sharing_enabled":true,"jetpack_likes_enabled":true,"_links":{"self":[{"href":"https:\/\/informativoelvalledeaguascalientes.online\/index.php?rest_route=\/wp\/v2\/posts\/685","targetHints":{"allow":["GET"]}}],"collection":[{"href":"https:\/\/informativoelvalledeaguascalientes.online\/index.php?rest_route=\/wp\/v2\/posts"}],"about":[{"href":"https:\/\/informativoelvalledeaguascalientes.online\/index.php?rest_route=\/wp\/v2\/types\/post"}],"author":[{"embeddable":true,"href":"https:\/\/informativoelvalledeaguascalientes.online\/index.php?rest_route=\/wp\/v2\/users\/1"}],"replies":[{"embeddable":true,"href":"https:\/\/informativoelvalledeaguascalientes.online\/index.php?rest_route=%2Fwp%2Fv2%2Fcomments&post=685"}],"version-history":[{"count":1,"href":"https:\/\/informativoelvalledeaguascalientes.online\/index.php?rest_route=\/wp\/v2\/posts\/685\/revisions"}],"predecessor-version":[{"id":687,"href":"https:\/\/informativoelvalledeaguascalientes.online\/index.php?rest_route=\/wp\/v2\/posts\/685\/revisions\/687"}],"wp:featuredmedia":[{"embeddable":true,"href":"https:\/\/informativoelvalledeaguascalientes.online\/index.php?rest_route=\/wp\/v2\/media\/686"}],"wp:attachment":[{"href":"https:\/\/informativoelvalledeaguascalientes.online\/index.php?rest_route=%2Fwp%2Fv2%2Fmedia&parent=685"}],"wp:term":[{"taxonomy":"category","embeddable":true,"href":"https:\/\/informativoelvalledeaguascalientes.online\/index.php?rest_route=%2Fwp%2Fv2%2Fcategories&post=685"},{"taxonomy":"post_tag","embeddable":true,"href":"https:\/\/informativoelvalledeaguascalientes.online\/index.php?rest_route=%2Fwp%2Fv2%2Ftags&post=685"}],"curies":[{"name":"wp","href":"https:\/\/api.w.org\/{rel}","templated":true}]}}