{"id":68351,"date":"2025-04-23T01:19:01","date_gmt":"2025-04-23T07:19:01","guid":{"rendered":"https:\/\/informativoelvalledeaguascalientes.online\/?p=68351"},"modified":"2025-04-24T01:23:45","modified_gmt":"2025-04-24T07:23:45","slug":"inaugura-tere-jimenez-las-expo-agricola-expo-agroalimentaria-y-el-pabellon-hecho-en-aguascalientes","status":"publish","type":"post","link":"https:\/\/informativoelvalledeaguascalientes.online\/?p=68351","title":{"rendered":"INAUGURA TERE JIM\u00c9NEZ LAS EXPO AGR\u00cdCOLA, EXPO AGROALIMENTARIA Y EL PABELL\u00d3N HECHO EN AGUASCALIENTES"},"content":{"rendered":"<p>#informativoelvalledeaguascalientes #novaradioaguascalientes #informativoelvalledeaguascalientesll #Aguascalientes<\/p>\n<p>En el marco de la Feria Nacional de San Marcos 2025, la gobernadora de Aguascalientes, Tere Jim\u00e9nez, inaugur\u00f3 la Expo Agr\u00edcola, la Expo Maquinaria Agr\u00edcola, la Expo Agroalimentaria y el Pabell\u00f3n Hecho en Aguascalientes, ubicados en la Isla San Marcos, donde reafirm\u00f3 su compromiso con el fortalecimiento del campo, la agroindustria y la promoci\u00f3n del talento local.<\/p>\n<p>Inicialmente, la gobernadora inaugur\u00f3 la Expo Agr\u00edcola y la Expo Maquinaria Agr\u00edcola, organizadas por la Secretar\u00eda de Desarrollo Rural y Agroempresarial del Estado (Sedrae), donde productores, proveedores y expertos del sector comparten innovaciones tecnol\u00f3gicas y avances en el uso de maquinaria especializada; en este lugar, entreg\u00f3 tractores a los agroproductores.<\/p>\n<p>Tere Jim\u00e9nez realiz\u00f3 un recorrido por los estands de las principales empresas proveedoras de maquinaria y semillas de la regi\u00f3n, y visit\u00f3 la Zona Agr\u00edcola, donde se exhiben los cultivos representativos del estado y que participan en el Programa Estatal de Apoyo a la Reconversi\u00f3n Productiva; ah\u00ed, reconoci\u00f3 el esfuerzo de los productores locales y su papel estrat\u00e9gico en la econom\u00eda estatal.<br \/>\nPosteriormente, la gobernadora destac\u00f3 la calidad de los productos agr\u00edcolas y procesados de la regi\u00f3n al inaugurar la Expo Agroalimentaria 2025, en la que participan 120 expositores del sector agroindustrial.<\/p>\n<p>Finalmente, Tere Jim\u00e9nez inaugur\u00f3 y recorri\u00f3 el Pabell\u00f3n Hecho en Aguascalientes, un espacio que impulsa la Secretar\u00eda de Desarrollo Econ\u00f3mico, Ciencia y Tecnolog\u00eda del Estado para exhibir los productos, servicios y talento de emprendedores locales; en esta edici\u00f3n participan alrededor de 80 empresas de diferentes sectores, como alimentos, bebidas, salud y belleza, decoraci\u00f3n, joyer\u00eda, artesan\u00edas y calzado, entre otros.<\/p>\n<p>Durante su recorrido por estas instalaciones que est\u00e1n abiertas al p\u00fablico de las 10:00 de la ma\u00f1ana a las 10:00 de la noche, la gobernadora dialog\u00f3 con las y los expositores, a quienes reconoci\u00f3 sus aportaciones al desarrollo econ\u00f3mico del estado y les reiter\u00f3 su respaldo para que sigan creciendo sus negocios.<\/p>\n<p>Acompa\u00f1aron a la gobernadora Isidoro Armend\u00e1riz Garc\u00eda, secretario de Desarrollo Rural y Agroempresarial del Estado; Esa\u00fa Garza de Vega, secretario de Desarrollo Econ\u00f3mico, Ciencia y Tecnolog\u00eda del Estado; Jos\u00e9 \u00c1ngel Gonz\u00e1lez Serna, presidente del Patronato de la Feria Nacional de San Marcos y su esposa, Irma Cristina Flores; Luis Le\u00f3n, presidente de la Mesa Directiva del H. Congreso del Estado; los diputados locales Heriberto Gallegos Serna, Jetsy S\u00e1nchez, Roy Cervantes y Jos\u00e9 Trinidad Romo Mar\u00edn; Lucero Espinoza V\u00e1zquez, presidenta municipal de Pabell\u00f3n de Arteaga; Mauricio Gonz\u00e1lez, secretario de Turismo del Estado; Jos\u00e9 Manuel Velazco Serna, director general de Agroindustrial; Jos\u00e9 Pav\u00f3n, director general del Sistema de Financiamiento de Aguascalientes; Cristian Vera, titular de la Oficina de Representaci\u00f3n de la Secretar\u00eda de Agricultura del Gobierno federal; Daniela I, reina de la FNSM y sus princesas Zahira y Nicole; Juan Manuel Frausto, representante de los agroindustriales, entre otras autoridades.<\/p>\n","protected":false},"excerpt":{"rendered":"<p>#informativoelvalledeaguascalientes #novaradioaguascalientes #informativoelvalledeaguascalientesll #Aguascalientes En el marco de la Feria Nacional de San Marcos 2025, la gobernadora de Aguascalientes, Tere Jim\u00e9nez, inaugur\u00f3 la Expo Agr\u00edcola, la Expo Maquinaria Agr\u00edcola, la Expo Agroalimentaria y el Pabell\u00f3n Hecho en Aguascalientes, ubicados en la Isla San Marcos, donde reafirm\u00f3 su compromiso con el fortalecimiento del campo, la agroindustria [&hellip;]<\/p>\n","protected":false},"author":1,"featured_media":68352,"comment_status":"closed","ping_status":"open","sticky":false,"template":"","format":"standard","meta":{"advanced_seo_description":"","jetpack_seo_html_title":"","jetpack_seo_noindex":false,"_jetpack_memberships_contains_paid_content":false,"footnotes":"","jetpack_publicize_message":"","jetpack_publicize_feature_enabled":true,"jetpack_social_post_already_shared":true,"jetpack_social_options":{"image_generator_settings":{"template":"highway","default_image_id":0,"font":"","enabled":false},"version":2}},"categories":[21,4],"tags":[918,22,615,610,106,320],"class_list":["post-68351","post","type-post","status-publish","format-standard","has-post-thumbnail","hentry","category-aguascalientes","category-gobierno-del-estado-aguascalientes","tag-fnsm2025","tag-aguascalientes","tag-gobierno-del-estado-de-aguascalientes","tag-sedecyt","tag-sedrae","tag-tere-jimenez"],"jetpack_publicize_connections":[],"jetpack_featured_media_url":"https:\/\/i0.wp.com\/informativoelvalledeaguascalientes.online\/wp-content\/uploads\/2025\/04\/1a6798c1-9472-4880-add6-122a54a59194-1.jpg?fit=1563%2C954&ssl=1","jetpack-related-posts":[],"jetpack_sharing_enabled":true,"jetpack_likes_enabled":true,"_links":{"self":[{"href":"https:\/\/informativoelvalledeaguascalientes.online\/index.php?rest_route=\/wp\/v2\/posts\/68351","targetHints":{"allow":["GET"]}}],"collection":[{"href":"https:\/\/informativoelvalledeaguascalientes.online\/index.php?rest_route=\/wp\/v2\/posts"}],"about":[{"href":"https:\/\/informativoelvalledeaguascalientes.online\/index.php?rest_route=\/wp\/v2\/types\/post"}],"author":[{"embeddable":true,"href":"https:\/\/informativoelvalledeaguascalientes.online\/index.php?rest_route=\/wp\/v2\/users\/1"}],"replies":[{"embeddable":true,"href":"https:\/\/informativoelvalledeaguascalientes.online\/index.php?rest_route=%2Fwp%2Fv2%2Fcomments&post=68351"}],"version-history":[{"count":1,"href":"https:\/\/informativoelvalledeaguascalientes.online\/index.php?rest_route=\/wp\/v2\/posts\/68351\/revisions"}],"predecessor-version":[{"id":68353,"href":"https:\/\/informativoelvalledeaguascalientes.online\/index.php?rest_route=\/wp\/v2\/posts\/68351\/revisions\/68353"}],"wp:featuredmedia":[{"embeddable":true,"href":"https:\/\/informativoelvalledeaguascalientes.online\/index.php?rest_route=\/wp\/v2\/media\/68352"}],"wp:attachment":[{"href":"https:\/\/informativoelvalledeaguascalientes.online\/index.php?rest_route=%2Fwp%2Fv2%2Fmedia&parent=68351"}],"wp:term":[{"taxonomy":"category","embeddable":true,"href":"https:\/\/informativoelvalledeaguascalientes.online\/index.php?rest_route=%2Fwp%2Fv2%2Fcategories&post=68351"},{"taxonomy":"post_tag","embeddable":true,"href":"https:\/\/informativoelvalledeaguascalientes.online\/index.php?rest_route=%2Fwp%2Fv2%2Ftags&post=68351"}],"curies":[{"name":"wp","href":"https:\/\/api.w.org\/{rel}","templated":true}]}}