{"id":68064,"date":"2025-04-15T21:05:44","date_gmt":"2025-04-16T03:05:44","guid":{"rendered":"https:\/\/informativoelvalledeaguascalientes.online\/?p=68064"},"modified":"2025-04-15T21:05:44","modified_gmt":"2025-04-16T03:05:44","slug":"tere-jimenez-conecta-a-la-juventud-de-aguascalientes-con-el-mundo-al-entregar-500-becas-de-movilidad-internacional","status":"publish","type":"post","link":"https:\/\/informativoelvalledeaguascalientes.online\/?p=68064","title":{"rendered":"TERE JIM\u00c9NEZ CONECTA A LA JUVENTUD DE AGUASCALIENTES CON EL MUNDO AL ENTREGAR 500 BECAS DE MOVILIDAD INTERNACIONAL"},"content":{"rendered":"<p>#informativoelvalledeaguascalientes #novaradioaguascalientes #informativoelvalledeaguascalientesll #Aguascalientes<\/p>\n<p>&nbsp;<\/p>\n<p>&nbsp;<\/p>\n<p>\u2022El programa tiene como objetivo impulsar el desarrollo personal y profesional de j\u00f3venes mediante estancias internacionales de 2 a 4 semanas<br \/>\n\u2022Los beneficiarios tendr\u00e1n la oportunidad de convivir con personas de distintas culturas y ampliar sus horizontes en pa\u00edses de Europa, Asia, Am\u00e9rica, Medio Oriente y \u00c1frica<\/p>\n<p>&nbsp;<\/p>\n<p>La gobernadora de Aguascalientes, Tere Jim\u00e9nez, entreg\u00f3 500 becas de movilidad internacional del programa \u201cGigantes por el Mundo\u201d, una iniciativa que busca brindar a j\u00f3venes la oportunidad de viajar al extranjero y convivir con personas de diferentes culturas durante estancias de dos a cuatro semanas. El objetivo es fomentar el intercambio de ideas, ampliar sus horizontes y formar l\u00edderes que impulsen cambios positivos en su entorno.<\/p>\n<p>Durante el evento celebrado en el Jard\u00edn de los Palacios, Tere Jim\u00e9nez destac\u00f3 la importancia de respaldar a las nuevas generaciones en el cumplimiento de sus sue\u00f1os, reiterando el compromiso de su gobierno con la educaci\u00f3n y el desarrollo integral de la juventud.<br \/>\n\u201cLa vida es de decisiones, y a muchos les pas\u00f3 por su mente: \u00bfsi me pasa algo?; pero la vida siempre ser\u00e1 as\u00ed, de pruebas y de arriesgarse, de tomar las mejores decisiones y esta les va a cambiar la vida. Hoy le decimos al mundo que nuestros gigantes est\u00e1n listos para aprender, crecer y regresar a transformar a nuestro estado. Esta beca es un puente hacia nuevas oportunidades\u201d, expres\u00f3 la gobernadora.<\/p>\n<p>Ashley Carm\u00edn Garc\u00eda Pe\u00f1a, directora nacional de A.C. Vive M\u00e9xico, felicit\u00f3 a los j\u00f3venes beneficiarios y los anim\u00f3 a aprovechar esta experiencia internacional.<\/p>\n<p>\u201cEs un gran momento para que descubran el mundo, tendr\u00e1n nuevas ideas. Muchas felicidades y disfruten mucho, en esta experiencia llevan el apoyo de todos los que creemos en su potencial\u201d, subray\u00f3.<\/p>\n<p>Por su parte, el senador de la Rep\u00fablica, To\u00f1o Mart\u00edn del Campo, celebr\u00f3 la visi\u00f3n de la gobernadora y reconoci\u00f3 el valor de impulsar a la juventud mediante este tipo de programas.<\/p>\n<p>\u201cMe emociona ver c\u00f3mo Aguascalientes llega al mundo a trav\u00e9s de sus j\u00f3venes. Este intercambio cultural es una experiencia \u00fanica que marcar\u00e1 sus vidas\u201d, afirm\u00f3.<\/p>\n<p>Javier Rosas Reyes, director general del Instituto Aguascalentense de la Juventud (IAJU), agradeci\u00f3 el respaldo de la gobernadora y destac\u00f3 los alcances del programa.<\/p>\n<p>\u201cGracias a esta iniciativa, m\u00e1s de 3 mil 500 j\u00f3venes han sido beneficiados, lo que equivale a haber dado 800 vueltas al planeta. Aprovechen esta oportunidad que les abrir\u00e1 las puertas del mundo\u201d, coment\u00f3.<\/p>\n<p>Finalmente, Luis Armando Delgadillo Gallegos, uno de los j\u00f3venes beneficiarios, habl\u00f3 en representaci\u00f3n de los estudiantes, agradeciendo el apoyo recibido.<\/p>\n<p>\u201cGracias a este programa y al respaldo de la gobernadora, muchos j\u00f3venes haremos realidad un sue\u00f1o. Estoy muy agradecido, quiero poner en alto el nombre de mi pa\u00eds y de mi estado. Esta oportunidad la voy a aprovechar al m\u00e1ximo\u201d, dijo.<\/p>\n<p>Las y los beneficiarios viajar\u00e1n en los pr\u00f3ximos d\u00edas a pa\u00edses de Europa, Asia, Am\u00e9rica, Medio Oriente y \u00c1frica.<\/p>\n<p>Tambi\u00e9n estuvieron presentes los diputados federales por Aguascalientes Paulo Mart\u00ednez y Poncho Ruvalcaba; el diputado local Roy Cervantes; y Aranza Gonz\u00e1lez Arellano, beneficiaria del programa.<\/p>\n","protected":false},"excerpt":{"rendered":"<p>#informativoelvalledeaguascalientes #novaradioaguascalientes #informativoelvalledeaguascalientesll #Aguascalientes &nbsp; &nbsp; \u2022El programa tiene como objetivo impulsar el desarrollo personal y profesional de j\u00f3venes mediante estancias internacionales de 2 a 4 semanas \u2022Los beneficiarios tendr\u00e1n la oportunidad de convivir con personas de distintas culturas y ampliar sus horizontes en pa\u00edses de Europa, Asia, Am\u00e9rica, Medio Oriente y \u00c1frica &nbsp; La [&hellip;]<\/p>\n","protected":false},"author":1,"featured_media":68065,"comment_status":"closed","ping_status":"open","sticky":false,"template":"","format":"standard","meta":{"advanced_seo_description":"","jetpack_seo_html_title":"","jetpack_seo_noindex":false,"_jetpack_memberships_contains_paid_content":false,"footnotes":"","jetpack_publicize_message":"","jetpack_publicize_feature_enabled":true,"jetpack_social_post_already_shared":true,"jetpack_social_options":{"image_generator_settings":{"template":"highway","default_image_id":0,"font":"","enabled":false},"version":2}},"categories":[21,4],"tags":[22,53,615,35,320],"class_list":["post-68064","post","type-post","status-publish","format-standard","has-post-thumbnail","hentry","category-aguascalientes","category-gobierno-del-estado-aguascalientes","tag-aguascalientes","tag-cmov","tag-gobierno-del-estado-de-aguascalientes","tag-iaju","tag-tere-jimenez"],"jetpack_publicize_connections":[],"jetpack_featured_media_url":"https:\/\/i0.wp.com\/informativoelvalledeaguascalientes.online\/wp-content\/uploads\/2025\/04\/a1183e31-ac26-4c20-9c04-b6d1d8e292cd.jpg?fit=1522%2C1015&ssl=1","jetpack-related-posts":[],"jetpack_sharing_enabled":true,"jetpack_likes_enabled":true,"_links":{"self":[{"href":"https:\/\/informativoelvalledeaguascalientes.online\/index.php?rest_route=\/wp\/v2\/posts\/68064","targetHints":{"allow":["GET"]}}],"collection":[{"href":"https:\/\/informativoelvalledeaguascalientes.online\/index.php?rest_route=\/wp\/v2\/posts"}],"about":[{"href":"https:\/\/informativoelvalledeaguascalientes.online\/index.php?rest_route=\/wp\/v2\/types\/post"}],"author":[{"embeddable":true,"href":"https:\/\/informativoelvalledeaguascalientes.online\/index.php?rest_route=\/wp\/v2\/users\/1"}],"replies":[{"embeddable":true,"href":"https:\/\/informativoelvalledeaguascalientes.online\/index.php?rest_route=%2Fwp%2Fv2%2Fcomments&post=68064"}],"version-history":[{"count":1,"href":"https:\/\/informativoelvalledeaguascalientes.online\/index.php?rest_route=\/wp\/v2\/posts\/68064\/revisions"}],"predecessor-version":[{"id":68066,"href":"https:\/\/informativoelvalledeaguascalientes.online\/index.php?rest_route=\/wp\/v2\/posts\/68064\/revisions\/68066"}],"wp:featuredmedia":[{"embeddable":true,"href":"https:\/\/informativoelvalledeaguascalientes.online\/index.php?rest_route=\/wp\/v2\/media\/68065"}],"wp:attachment":[{"href":"https:\/\/informativoelvalledeaguascalientes.online\/index.php?rest_route=%2Fwp%2Fv2%2Fmedia&parent=68064"}],"wp:term":[{"taxonomy":"category","embeddable":true,"href":"https:\/\/informativoelvalledeaguascalientes.online\/index.php?rest_route=%2Fwp%2Fv2%2Fcategories&post=68064"},{"taxonomy":"post_tag","embeddable":true,"href":"https:\/\/informativoelvalledeaguascalientes.online\/index.php?rest_route=%2Fwp%2Fv2%2Ftags&post=68064"}],"curies":[{"name":"wp","href":"https:\/\/api.w.org\/{rel}","templated":true}]}}