{"id":68057,"date":"2025-04-13T21:27:37","date_gmt":"2025-04-14T03:27:37","guid":{"rendered":"https:\/\/informativoelvalledeaguascalientes.online\/?p=68057"},"modified":"2025-04-13T21:27:37","modified_gmt":"2025-04-14T03:27:37","slug":"pone-en-marcha-leo-montanez-operativo-de-semana-santa-2025","status":"publish","type":"post","link":"https:\/\/informativoelvalledeaguascalientes.online\/?p=68057","title":{"rendered":"PONE EN MARCHA LEO MONTA\u00d1EZ OPERATIVO DE SEMANA SANTA 2025"},"content":{"rendered":"<p>#informativoelvalledeaguascalientes #novaradioaguascalientes #informativoelvalledeaguascalientesll #Aguascalientes<\/p>\n<p>&nbsp;<\/p>\n<p><strong>Inici\u00f3 en el parque recreativo \u00abEl Sabinal\u00bb y se llevar\u00e1 a cabo del 13 al 20 de abril en balnearios, parques, presas y bordos, principalmente<\/strong><\/p>\n<p>&nbsp;<\/p>\n<p>A temprana hora de este domingo, el presidente municipal\u00a0<strong>Leo Monta\u00f1ez<\/strong>\u00a0puso en marcha en el parque recreativo \u00abEl Sabinal\u00bb, el operativo \u00abSemana Santa\u00bb 2025 que se llevar\u00e1 a cabo del 13 al 20 de abril para resguardar la integridad de la ciudadan\u00eda, especialmente en los d\u00edas de asueto.<\/p>\n<p>Previo a iniciar el recorrido de patrullas, motocicletas, binomios caninos, ambulancias, motobombas de ataque r\u00e1pido, unidades de protecci\u00f3n civil y equipo de rescate acu\u00e1tico,\u00a0<strong>Leo Monta\u00f1ez<\/strong>\u00a0recalc\u00f3 que lo m\u00e1s importante es la seguridad de las familias y que sea una Semana Mayor con saldo blanco ,en donde las personas lleven a cabo sus actividades en un entorno de paz y tranquilidad y con responsabilidad.<\/p>\n<p>El titular de la Coordinaci\u00f3n de Protecci\u00f3n Civil del Municipio de Aguascalientes,\u00a0<strong>Jos\u00e9 Gabino V\u00e1zquez Vega<\/strong>, enfatiz\u00f3 que se mantendr\u00e1 la coordinaci\u00f3n con otras corporaciones de seguridad, rescate y emergencia federales, estatales y municipales.<\/p>\n<p>El secretario de Seguridad P\u00fablica Estatal,\u00a0<strong>Antonio Mart\u00ednez Romo<\/strong>, a nombre de la gobernadora\u00a0<strong>Tere Jim\u00e9nez<\/strong>\u00a0reiter\u00f3 la colaboraci\u00f3n para velar por la integridad de la ciudadan\u00eda.<\/p>\n<p>Mencion\u00f3 que se mantendr\u00e1 especial presencia en en eventos religiosos, parques y balnearios como El Cedazo, El Sabinal, Ojocaliente, en presas y bordos como El Taray, El Ocote, Los Ca\u00f1os, El Ni\u00e1gara, adem\u00e1s en otros cuerpos de agua como riachuelos en San Pedro Cieneguilla, San Jos\u00e9 y Buenavista de Pe\u00f1uelas.<\/p>\n<p>La Secretar\u00eda de Seguridad P\u00fablica del Municipio de Aguascalientes (SSPM), intensificar\u00e1 la vigilancia en zonas de esparcimiento, caminos y \u00e1reas rurales y naturales, adem\u00e1s en eventos religiosos y de alta afluencia de personas.<\/p>\n<p>Se contar\u00e1 con la intervenci\u00f3n de los diferentes Destacamentos como el Grupo de Operaciones Especiales, Polic\u00eda Preventiva, Polic\u00eda Vial, K-9 y Polic\u00eda Montada, en terracer\u00edas y caminos de dif\u00edcil acceso y brindar la ayuda correspondiente en caso de ser necesaria.<\/p>\n<p>Adem\u00e1s, se realizar\u00e1n sobrevuelos y se mantendr\u00e1 la vigilancia desde el helic\u00f3ptero \u201cHalc\u00f3n 1\u201d.<\/p>\n<p>Se emiten a la poblaci\u00f3n las siguientes recomendaciones de prevenci\u00f3n y seguridad:<\/p>\n<ul>\n<li>Evitar nadar en presas y bordos<\/li>\n<li>Evitar encender fogatas<\/li>\n<li>Revisar las condiciones mec\u00e1nicas de los veh\u00edculos<\/li>\n<li>Conducir con precauci\u00f3n<\/li>\n<li>Evitar conducir si se han ingerido bebidas alcoh\u00f3licas<\/li>\n<li>No perder de vista a ni\u00f1as y ni\u00f1os<\/li>\n<\/ul>\n<p>Se ponen a disposici\u00f3n de la ciudadan\u00eda los n\u00fameros para realizar reportes o solicitar ayuda: Seguridad P\u00fablica 449 994 66 40, de Protecci\u00f3n Civil 449 918 28 11, de Bomberos 449 970 40 53, de la Coordinaci\u00f3n General de Salud para temas referentes a la venta de productos del mar 449 915 84 62, de MIAA 449 125 75 64 y la l\u00ednea de emergencias 911.<\/p>\n<p>Participaron en este arranque de operativo las diputadas de la LXVI Legislatura del H. Congreso del Estado,\u00a0<strong>Alma Hilda Medina Mac\u00edas<\/strong>\u00a0y\u00a0<strong>Nancy\u00a0 Guti\u00e9rrez Ruvalcaba<\/strong>, los regidores del H. Ayuntamiento,\u00a0<strong>Karla Espinoza Esparza<\/strong>\u00a0y\u00a0<strong>Alejandro Serrano Almanza<\/strong>, as\u00ed como el secretario del Ayuntamiento,\u00a0<strong>Javier Soto Reyes<\/strong>, el coordinador de Delegaciones Urbanas y Rurales,\u00a0<strong>Jos\u00e9 Alfredo Gallo Camacho\u00a0<\/strong>y\u00a0<strong>Olga Alcal\u00e1<\/strong>, presidenta del parque recreativo \u00abEl Sabinal\u00bb.<\/p>\n","protected":false},"excerpt":{"rendered":"<p>#informativoelvalledeaguascalientes #novaradioaguascalientes #informativoelvalledeaguascalientesll #Aguascalientes &nbsp; Inici\u00f3 en el parque recreativo \u00abEl Sabinal\u00bb y se llevar\u00e1 a cabo del 13 al 20 de abril en balnearios, parques, presas y bordos, principalmente &nbsp; A temprana hora de este domingo, el presidente municipal\u00a0Leo Monta\u00f1ez\u00a0puso en marcha en el parque recreativo \u00abEl Sabinal\u00bb, el operativo \u00abSemana Santa\u00bb 2025 que [&hellip;]<\/p>\n","protected":false},"author":1,"featured_media":68058,"comment_status":"closed","ping_status":"open","sticky":false,"template":"","format":"standard","meta":{"advanced_seo_description":"","jetpack_seo_html_title":"","jetpack_seo_noindex":false,"_jetpack_memberships_contains_paid_content":false,"footnotes":"","jetpack_publicize_message":"","jetpack_publicize_feature_enabled":true,"jetpack_social_post_already_shared":true,"jetpack_social_options":{"image_generator_settings":{"template":"highway","default_image_id":0,"font":"","enabled":false},"version":2}},"categories":[21,3],"tags":[22,25,336,122],"class_list":["post-68057","post","type-post","status-publish","format-standard","has-post-thumbnail","hentry","category-aguascalientes","category-municipio-aguascalientes","tag-aguascalientes","tag-mpio-aguascalientes","tag-mpio-aguascalientes-coordinacion-municipal-de-proteccion-civil","tag-sspe-aguascalientes"],"jetpack_publicize_connections":[],"jetpack_featured_media_url":"https:\/\/i0.wp.com\/informativoelvalledeaguascalientes.online\/wp-content\/uploads\/2025\/04\/IMG-20250413-WA0125.jpg?fit=1600%2C900&ssl=1","jetpack-related-posts":[],"jetpack_sharing_enabled":true,"jetpack_likes_enabled":true,"_links":{"self":[{"href":"https:\/\/informativoelvalledeaguascalientes.online\/index.php?rest_route=\/wp\/v2\/posts\/68057","targetHints":{"allow":["GET"]}}],"collection":[{"href":"https:\/\/informativoelvalledeaguascalientes.online\/index.php?rest_route=\/wp\/v2\/posts"}],"about":[{"href":"https:\/\/informativoelvalledeaguascalientes.online\/index.php?rest_route=\/wp\/v2\/types\/post"}],"author":[{"embeddable":true,"href":"https:\/\/informativoelvalledeaguascalientes.online\/index.php?rest_route=\/wp\/v2\/users\/1"}],"replies":[{"embeddable":true,"href":"https:\/\/informativoelvalledeaguascalientes.online\/index.php?rest_route=%2Fwp%2Fv2%2Fcomments&post=68057"}],"version-history":[{"count":1,"href":"https:\/\/informativoelvalledeaguascalientes.online\/index.php?rest_route=\/wp\/v2\/posts\/68057\/revisions"}],"predecessor-version":[{"id":68059,"href":"https:\/\/informativoelvalledeaguascalientes.online\/index.php?rest_route=\/wp\/v2\/posts\/68057\/revisions\/68059"}],"wp:featuredmedia":[{"embeddable":true,"href":"https:\/\/informativoelvalledeaguascalientes.online\/index.php?rest_route=\/wp\/v2\/media\/68058"}],"wp:attachment":[{"href":"https:\/\/informativoelvalledeaguascalientes.online\/index.php?rest_route=%2Fwp%2Fv2%2Fmedia&parent=68057"}],"wp:term":[{"taxonomy":"category","embeddable":true,"href":"https:\/\/informativoelvalledeaguascalientes.online\/index.php?rest_route=%2Fwp%2Fv2%2Fcategories&post=68057"},{"taxonomy":"post_tag","embeddable":true,"href":"https:\/\/informativoelvalledeaguascalientes.online\/index.php?rest_route=%2Fwp%2Fv2%2Ftags&post=68057"}],"curies":[{"name":"wp","href":"https:\/\/api.w.org\/{rel}","templated":true}]}}