{"id":68054,"date":"2025-04-13T21:23:46","date_gmt":"2025-04-14T03:23:46","guid":{"rendered":"https:\/\/informativoelvalledeaguascalientes.online\/?p=68054"},"modified":"2025-04-13T21:23:46","modified_gmt":"2025-04-14T03:23:46","slug":"inicio-imac-la-instalacion-de-la-decoracion-aerea-del-corredor-cultural-carranza-2025","status":"publish","type":"post","link":"https:\/\/informativoelvalledeaguascalientes.online\/?p=68054","title":{"rendered":"INICI\u00d3 IMAC LA INSTALACI\u00d3N DE LA DECORACI\u00d3N A\u00c9REA DEL CORREDOR CULTURAL CARRANZA 2025"},"content":{"rendered":"<p>#informativoelvalledeaguascalientes #novaradioaguascalientes #informativoelvalledeaguascalientesll #Aguascalientes<\/p>\n<p>&nbsp;<\/p>\n<ul>\n<li><strong>La decoraci\u00f3n crece este a\u00f1o de 90 a 450 metros lineales de cielo tejido<\/strong><\/li>\n<\/ul>\n<p>&nbsp;<\/p>\n<p>El Instituto Municipal Aguascalentense para la Cultura (IMAC), arranc\u00f3 este s\u00e1bado con la instalaci\u00f3n de la decoraci\u00f3n a\u00e9rea del Corredor Cultural Carranza, misma que este a\u00f1o podr\u00e1 ser apreciada por millones de visitantes a la Feria Nacional de San Marcos desde la calle Galeana hasta el Jard\u00edn de San Marcos.<\/p>\n<p>El director del IMAC,\u00a0<strong>Iv\u00e1n S\u00e1nchez N\u00e1jera,<\/strong>\u00a0destac\u00f3 que, para esta Feria la instalaci\u00f3n contar\u00e1 con\u00a0 grandes \u00e1rboles tejidos a piso ubicados al inicio del Corredor. \u201cEl dise\u00f1o del tejido de este 2025, est\u00e1 inspirado en las copas de los \u00e1rboles del Jard\u00edn de San Marcos, destacando nuestras coloridas jacarandas . Y es dentro de esta propuesta, que la puerta de entrada cultural a la Feria los recibir\u00e1 con este jard\u00edn tejido, que podr\u00e1n recorrer en familia , hasta llegar al jard\u00edn real, el m\u00e1s representativo de nuestro estado y cuna de la verbena abrile\u00f1a\u201d destac\u00f3.<\/p>\n<p>Explic\u00f3 que se extender\u00e1 la instalaci\u00f3n a\u00e9rea de los 90 metros lineales que se colocaban cada a\u00f1o, a un total de 450 metros lineales para vestir la totalidad del Corredor.<\/p>\n<p>El proyecto de este a\u00f1o est\u00e1 realizado por el Colectivo Cielo Tejido, en colaboraci\u00f3n con mujeres artesanas de Aguascalientes, quienes deleitar\u00e1n con su talento a ciudadanos de Aguascalientes, as\u00ed como de otras ciudades de M\u00e9xico y el extranjero.<\/p>\n<p>La instalaci\u00f3n completa podr\u00e1 apreciarse a partir del pr\u00f3ximo jueves y las actividades del Corredor Cultural Carranza iniciar\u00e1n el pr\u00f3ximo s\u00e1bado 19 de abril a las 12:00 horas, con 30 estaciones y escenarios desde Palacio Municipal, donde toda la familia podr\u00e1 disfrutar de una oferta gratuita y diversa.<\/p>\n<p>Se puede consultar la programaci\u00f3n completa en el sitio imac.gob.mx\/corredor-cultural-carranza\/<\/p>\n","protected":false},"excerpt":{"rendered":"<p>#informativoelvalledeaguascalientes #novaradioaguascalientes #informativoelvalledeaguascalientesll #Aguascalientes &nbsp; La decoraci\u00f3n crece este a\u00f1o de 90 a 450 metros lineales de cielo tejido &nbsp; El Instituto Municipal Aguascalentense para la Cultura (IMAC), arranc\u00f3 este s\u00e1bado con la instalaci\u00f3n de la decoraci\u00f3n a\u00e9rea del Corredor Cultural Carranza, misma que este a\u00f1o podr\u00e1 ser apreciada por millones de visitantes a la [&hellip;]<\/p>\n","protected":false},"author":1,"featured_media":68055,"comment_status":"closed","ping_status":"open","sticky":false,"template":"","format":"standard","meta":{"advanced_seo_description":"","jetpack_seo_html_title":"","jetpack_seo_noindex":false,"_jetpack_memberships_contains_paid_content":false,"footnotes":"","jetpack_publicize_message":"","jetpack_publicize_feature_enabled":true,"jetpack_social_post_already_shared":true,"jetpack_social_options":{"image_generator_settings":{"template":"highway","default_image_id":0,"font":"","enabled":false},"version":2}},"categories":[21,3],"tags":[22,25,118],"class_list":["post-68054","post","type-post","status-publish","format-standard","has-post-thumbnail","hentry","category-aguascalientes","category-municipio-aguascalientes","tag-aguascalientes","tag-mpio-aguascalientes","tag-mpio-aguascalientes-imac"],"jetpack_publicize_connections":[],"jetpack_featured_media_url":"https:\/\/i0.wp.com\/informativoelvalledeaguascalientes.online\/wp-content\/uploads\/2025\/04\/FB_IMG_1744503331316.jpg?fit=720%2C526&ssl=1","jetpack-related-posts":[],"jetpack_sharing_enabled":true,"jetpack_likes_enabled":true,"_links":{"self":[{"href":"https:\/\/informativoelvalledeaguascalientes.online\/index.php?rest_route=\/wp\/v2\/posts\/68054","targetHints":{"allow":["GET"]}}],"collection":[{"href":"https:\/\/informativoelvalledeaguascalientes.online\/index.php?rest_route=\/wp\/v2\/posts"}],"about":[{"href":"https:\/\/informativoelvalledeaguascalientes.online\/index.php?rest_route=\/wp\/v2\/types\/post"}],"author":[{"embeddable":true,"href":"https:\/\/informativoelvalledeaguascalientes.online\/index.php?rest_route=\/wp\/v2\/users\/1"}],"replies":[{"embeddable":true,"href":"https:\/\/informativoelvalledeaguascalientes.online\/index.php?rest_route=%2Fwp%2Fv2%2Fcomments&post=68054"}],"version-history":[{"count":1,"href":"https:\/\/informativoelvalledeaguascalientes.online\/index.php?rest_route=\/wp\/v2\/posts\/68054\/revisions"}],"predecessor-version":[{"id":68056,"href":"https:\/\/informativoelvalledeaguascalientes.online\/index.php?rest_route=\/wp\/v2\/posts\/68054\/revisions\/68056"}],"wp:featuredmedia":[{"embeddable":true,"href":"https:\/\/informativoelvalledeaguascalientes.online\/index.php?rest_route=\/wp\/v2\/media\/68055"}],"wp:attachment":[{"href":"https:\/\/informativoelvalledeaguascalientes.online\/index.php?rest_route=%2Fwp%2Fv2%2Fmedia&parent=68054"}],"wp:term":[{"taxonomy":"category","embeddable":true,"href":"https:\/\/informativoelvalledeaguascalientes.online\/index.php?rest_route=%2Fwp%2Fv2%2Fcategories&post=68054"},{"taxonomy":"post_tag","embeddable":true,"href":"https:\/\/informativoelvalledeaguascalientes.online\/index.php?rest_route=%2Fwp%2Fv2%2Ftags&post=68054"}],"curies":[{"name":"wp","href":"https:\/\/api.w.org\/{rel}","templated":true}]}}