{"id":6781,"date":"2020-05-21T22:15:29","date_gmt":"2020-05-22T04:15:29","guid":{"rendered":"https:\/\/informativoelvalledeaguascalientes.online\/?p=6781"},"modified":"2020-05-21T22:15:29","modified_gmt":"2020-05-22T04:15:29","slug":"ernesto-fernandez-campeon-de-mexbke-intermedios-dice-que-el-solo-corre-pensando-en-ganar","status":"publish","type":"post","link":"https:\/\/informativoelvalledeaguascalientes.online\/?p=6781","title":{"rendered":"ERNESTO FERN\u00c1NDEZ CAMPE\u00d3N DE MEXBKE INTERMEDIOS, DICE QUE \u00c9L SOLO CORRE PENSANDO EN GANAR"},"content":{"rendered":"<p><span lang=\"ES\">Ernesto Fern\u00e1ndez campe\u00f3n de la Mexbike en la categor\u00eda Intermedios en el 2019, dijo que \u00e9l cuando participa en una carrera solo piensa en ganar.<\/span><\/p>\n<p><span lang=\"ES\">\u201cCreo es esa manera de pensar es la que me llev\u00f3 a conseguir buenos resultados, yo no corro por correr porque no me gusta ser del mont\u00f3n, siempre lo hago pensando en cruzar la meta en los primeros lugares y para eso me preparo muy bien previo a cada carrera\u201d, dijo el piloto Xtreme WaWax-Agencia Aduanal Caisa-Fostercom y MG Motoservice<\/span><\/p>\n<p><span lang=\"ES\">Su gusto por el motociclismo viene de su padre que aunque no lleg\u00f3 a ser piloto, iba con \u00e9l a las carrera que se desarrollaban en Hidalgo o Morelos.<\/span><\/p>\n<p><span lang=\"ES\">Aclar\u00f3 que se gusta destacar y que el p\u00fablico se fije en \u00e9l, porque eso es bueno en lo personal, sino tambi\u00e9n para el motociclismo porque la gente quiere ver espect\u00e1culos de nivel.<\/span><\/p>\n<p><span lang=\"ES\">Este a\u00f1o Fern\u00e1ndez subi\u00f3 a la categor\u00eda Expertos de Mexbike y su debut fue en la primera fecha de S\u00faper Copa que se corri\u00f3 en el Aut\u00f3dromo Emerson Fittipaldi de M\u00e9rida, Yucat\u00e1n: \u201cConsidero que fue una gran carrera porque finalic\u00e9 en la cuarta posici\u00f3n junto con pilotos que tienen varios campeonatos, adem\u00e1s ten\u00eda en contra que corr\u00ed con el \u00edndice la mano derecha y una costilla rota, producto de un accidente d\u00edas antes entrenando en Tulancingo\u201d.<\/span><\/p>\n<p><span lang=\"ES\">El piloto Xtreme WaWax-Agencia Aduanal Caisa-Fostercom y MG Motoservice, coment\u00f3 que desde hace dos a\u00f1os que practica profesionalmente el motociclismo: \u201cEleg\u00ed la S\u00faper Copa porque es un serial que brinda un gran espect\u00e1culo y no solo me refiero al de la Mexbike, sino tiene a los Mercedes que son unos autos impresionantes al igual que los tractocamiones Freightliner y tambi\u00e9n la F-1800\u201d.<\/span><\/p>\n<p><span lang=\"ES\">Fern\u00e1ndez habl\u00f3 tambi\u00e9n sobre el motociclismo en M\u00e9xico y aclar\u00f3 que es un deporte que tiene muchos seguidores en este pa\u00eds, pero que para que crezca le hace falta promotores m\u00e1s profesionales.<\/span><\/p>\n<p><span lang=\"ES\">En lo que se refiere a correr sin p\u00fablico, dijo: \u201cCreo que los seriales deben de tener contratos con sus patrocinadores con algunas cl\u00e1usulas y a lo mejor a ellos les interesa el p\u00fablico como tambi\u00e9n a nosotros los pilotos, pero hay que entender que esta situaci\u00f3n escap\u00f3 de las manos de todos y hay que reactivar la actividad. Esto es algo imprevisto y consider\u00f3 que no ser\u00eda malo iniciar sin p\u00fablico hasta que todo se normalice, de todas maneras se llegar\u00e1 a muchas personas a trav\u00e9s de los medios de comunicaci\u00f3n\u201d.<\/span><\/p>\n<p><span lang=\"ES\">El piloto Xtreme WaWax-Agencia Aduanal Caisa-Fostercom y MG Motoservice, que en Hidalgo se dedica a manejar una cadena hotelera de la familia dijo que tambi\u00e9n espera la reactivaci\u00f3n cuidando siempre la salud de las personas y que cree que as\u00ed ser\u00e1.<\/span><\/p>\n","protected":false},"excerpt":{"rendered":"<p>Ernesto Fern\u00e1ndez campe\u00f3n de la Mexbike en la categor\u00eda Intermedios en el 2019, dijo que \u00e9l cuando participa en una carrera solo piensa en ganar. \u201cCreo es esa manera de pensar es la que me llev\u00f3 a conseguir buenos resultados, yo no corro por correr porque no me gusta ser del mont\u00f3n, siempre lo hago [&hellip;]<\/p>\n","protected":false},"author":1,"featured_media":6782,"comment_status":"closed","ping_status":"open","sticky":false,"template":"","format":"standard","meta":{"advanced_seo_description":"","jetpack_seo_html_title":"","jetpack_seo_noindex":false,"_jetpack_memberships_contains_paid_content":false,"footnotes":"","jetpack_publicize_message":"","jetpack_publicize_feature_enabled":true,"jetpack_social_post_already_shared":true,"jetpack_social_options":{"image_generator_settings":{"template":"highway","default_image_id":0,"font":"","enabled":false},"version":2}},"categories":[19],"tags":[125],"class_list":["post-6781","post","type-post","status-publish","format-standard","has-post-thumbnail","hentry","category-informacion-general","tag-super-copa"],"jetpack_publicize_connections":[],"jetpack_featured_media_url":"https:\/\/i0.wp.com\/informativoelvalledeaguascalientes.online\/wp-content\/uploads\/2020\/05\/super_copa_21052020.jpg?fit=450%2C373&ssl=1","jetpack-related-posts":[],"jetpack_sharing_enabled":true,"jetpack_likes_enabled":true,"_links":{"self":[{"href":"https:\/\/informativoelvalledeaguascalientes.online\/index.php?rest_route=\/wp\/v2\/posts\/6781","targetHints":{"allow":["GET"]}}],"collection":[{"href":"https:\/\/informativoelvalledeaguascalientes.online\/index.php?rest_route=\/wp\/v2\/posts"}],"about":[{"href":"https:\/\/informativoelvalledeaguascalientes.online\/index.php?rest_route=\/wp\/v2\/types\/post"}],"author":[{"embeddable":true,"href":"https:\/\/informativoelvalledeaguascalientes.online\/index.php?rest_route=\/wp\/v2\/users\/1"}],"replies":[{"embeddable":true,"href":"https:\/\/informativoelvalledeaguascalientes.online\/index.php?rest_route=%2Fwp%2Fv2%2Fcomments&post=6781"}],"version-history":[{"count":1,"href":"https:\/\/informativoelvalledeaguascalientes.online\/index.php?rest_route=\/wp\/v2\/posts\/6781\/revisions"}],"predecessor-version":[{"id":6783,"href":"https:\/\/informativoelvalledeaguascalientes.online\/index.php?rest_route=\/wp\/v2\/posts\/6781\/revisions\/6783"}],"wp:featuredmedia":[{"embeddable":true,"href":"https:\/\/informativoelvalledeaguascalientes.online\/index.php?rest_route=\/wp\/v2\/media\/6782"}],"wp:attachment":[{"href":"https:\/\/informativoelvalledeaguascalientes.online\/index.php?rest_route=%2Fwp%2Fv2%2Fmedia&parent=6781"}],"wp:term":[{"taxonomy":"category","embeddable":true,"href":"https:\/\/informativoelvalledeaguascalientes.online\/index.php?rest_route=%2Fwp%2Fv2%2Fcategories&post=6781"},{"taxonomy":"post_tag","embeddable":true,"href":"https:\/\/informativoelvalledeaguascalientes.online\/index.php?rest_route=%2Fwp%2Fv2%2Ftags&post=6781"}],"curies":[{"name":"wp","href":"https:\/\/api.w.org\/{rel}","templated":true}]}}