{"id":67784,"date":"2025-04-08T19:52:55","date_gmt":"2025-04-09T01:52:55","guid":{"rendered":"https:\/\/informativoelvalledeaguascalientes.online\/?p=67784"},"modified":"2025-04-08T19:52:55","modified_gmt":"2025-04-09T01:52:55","slug":"seccion-de-rescate-acuatico-de-proteccion-civil-municipal-listo-para-semana-santa-2025","status":"publish","type":"post","link":"https:\/\/informativoelvalledeaguascalientes.online\/?p=67784","title":{"rendered":"SECCI\u00d3N DE RESCATE ACU\u00c1TICO DE PROTECCI\u00d3N CIVIL MUNICIPAL LISTO PARA SEMANA SANTA 2025"},"content":{"rendered":"<p class=\"p1\">#informativoelvalledeaguascalientes<span class=\"Apple-converted-space\">\u00a0 <\/span>#novaradioaguascalientes #informativoelvalledeaguascalientesll #Aguascalientes<\/p>\n<p>&nbsp;<\/p>\n<ul>\n<li><strong>18 buzos refuerzan su capacitaci\u00f3n para llevar a cabo protocolos de seguridad en las diferentes presas del municipio capital<\/strong><\/li>\n<\/ul>\n<p>&nbsp;<\/p>\n<p>La Coordinaci\u00f3n Municipal de Protecci\u00f3n Civil, por conducto de la Secci\u00f3n de Rescate Acu\u00e1tico, refuerzan capacitaci\u00f3n para llevar a cabo protocolos de seguridad, t\u00e9cnicas y maniobras de buceo de salvamento de b\u00fasqueda y rescate, durante el operativo de Semana Santa 2025, en las diferentes presas que se encuentran dentro del municipio capital.<\/p>\n<p>El titular de la dependencia\u00a0<strong>Jos\u00e9 Gabino V\u00e1zquez Vega<\/strong>\u00a0dio a conocer que el \u00e1rea de buzos adscritos al Departamento de Bomberos est\u00e1 conformado por 18 elementos capacitados en diferentes niveles de actuaci\u00f3n en el medio acu\u00e1tico.<\/p>\n<p>Mencion\u00f3 que los entrenamientos cubren todos los aspectos para el mejoramiento f\u00edsico y t\u00e9cnicas de rescate a profundidad en diferentes cuerpos de agua.<\/p>\n<p><strong>V\u00e1zquez Vega\u00a0<\/strong>coment\u00f3 que los buzos estar\u00e1n distribuidos de manera estrat\u00e9gica en las presas y balnearios del municipio, para eficientar el tiempo de respuesta en caso de suscitarse alguna emergencia; actualmente la secci\u00f3n cuenta con dos lanchas, equipo de salvamento como boyas, torpedos, bandas, cuerdas, tanques de buceo y trajes de neopreno.<\/p>\n<p>Cabe resaltar que adem\u00e1s, la corporaci\u00f3n cuenta con nuevos integrantes en la plantilla de elementos acu\u00e1ticos, para beneficiar, de manera positiva, las acciones de rescate.<\/p>\n","protected":false},"excerpt":{"rendered":"<p>#informativoelvalledeaguascalientes\u00a0 #novaradioaguascalientes #informativoelvalledeaguascalientesll #Aguascalientes &nbsp; 18 buzos refuerzan su capacitaci\u00f3n para llevar a cabo protocolos de seguridad en las diferentes presas del municipio capital &nbsp; La Coordinaci\u00f3n Municipal de Protecci\u00f3n Civil, por conducto de la Secci\u00f3n de Rescate Acu\u00e1tico, refuerzan capacitaci\u00f3n para llevar a cabo protocolos de seguridad, t\u00e9cnicas y maniobras de buceo de salvamento [&hellip;]<\/p>\n","protected":false},"author":1,"featured_media":67785,"comment_status":"closed","ping_status":"open","sticky":false,"template":"","format":"standard","meta":{"advanced_seo_description":"","jetpack_seo_html_title":"","jetpack_seo_noindex":false,"_jetpack_memberships_contains_paid_content":false,"footnotes":"","jetpack_publicize_message":"","jetpack_publicize_feature_enabled":true,"jetpack_social_post_already_shared":true,"jetpack_social_options":{"image_generator_settings":{"template":"highway","default_image_id":0,"font":"","enabled":false},"version":2}},"categories":[21,3],"tags":[22,25],"class_list":["post-67784","post","type-post","status-publish","format-standard","has-post-thumbnail","hentry","category-aguascalientes","category-municipio-aguascalientes","tag-aguascalientes","tag-mpio-aguascalientes"],"jetpack_publicize_connections":[],"jetpack_featured_media_url":"https:\/\/i0.wp.com\/informativoelvalledeaguascalientes.online\/wp-content\/uploads\/2025\/04\/Imagen-de-WhatsApp-2025-04-07-a-las-14.05.57_65b27755.jpg?fit=1051%2C580&ssl=1","jetpack-related-posts":[],"jetpack_sharing_enabled":true,"jetpack_likes_enabled":true,"_links":{"self":[{"href":"https:\/\/informativoelvalledeaguascalientes.online\/index.php?rest_route=\/wp\/v2\/posts\/67784","targetHints":{"allow":["GET"]}}],"collection":[{"href":"https:\/\/informativoelvalledeaguascalientes.online\/index.php?rest_route=\/wp\/v2\/posts"}],"about":[{"href":"https:\/\/informativoelvalledeaguascalientes.online\/index.php?rest_route=\/wp\/v2\/types\/post"}],"author":[{"embeddable":true,"href":"https:\/\/informativoelvalledeaguascalientes.online\/index.php?rest_route=\/wp\/v2\/users\/1"}],"replies":[{"embeddable":true,"href":"https:\/\/informativoelvalledeaguascalientes.online\/index.php?rest_route=%2Fwp%2Fv2%2Fcomments&post=67784"}],"version-history":[{"count":1,"href":"https:\/\/informativoelvalledeaguascalientes.online\/index.php?rest_route=\/wp\/v2\/posts\/67784\/revisions"}],"predecessor-version":[{"id":67786,"href":"https:\/\/informativoelvalledeaguascalientes.online\/index.php?rest_route=\/wp\/v2\/posts\/67784\/revisions\/67786"}],"wp:featuredmedia":[{"embeddable":true,"href":"https:\/\/informativoelvalledeaguascalientes.online\/index.php?rest_route=\/wp\/v2\/media\/67785"}],"wp:attachment":[{"href":"https:\/\/informativoelvalledeaguascalientes.online\/index.php?rest_route=%2Fwp%2Fv2%2Fmedia&parent=67784"}],"wp:term":[{"taxonomy":"category","embeddable":true,"href":"https:\/\/informativoelvalledeaguascalientes.online\/index.php?rest_route=%2Fwp%2Fv2%2Fcategories&post=67784"},{"taxonomy":"post_tag","embeddable":true,"href":"https:\/\/informativoelvalledeaguascalientes.online\/index.php?rest_route=%2Fwp%2Fv2%2Ftags&post=67784"}],"curies":[{"name":"wp","href":"https:\/\/api.w.org\/{rel}","templated":true}]}}