{"id":67767,"date":"2025-04-07T20:17:08","date_gmt":"2025-04-08T02:17:08","guid":{"rendered":"https:\/\/informativoelvalledeaguascalientes.online\/?p=67767"},"modified":"2025-04-07T20:17:08","modified_gmt":"2025-04-08T02:17:08","slug":"%f0%9d%90%8f%f0%9d%90%ab%f0%9d%90%9e%f0%9d%90%ac%f0%9d%90%a2%f0%9d%90%9d%f0%9d%90%9e%f0%9d%90%a7%f0%9d%90%ad%f0%9d%90%9e-%f0%9d%90%9e%f0%9d%90%a7-%f0%9d%90%ad%f0%9d%90%ae-%f0%9d%90%84%f0%9d%90%ac","status":"publish","type":"post","link":"https:\/\/informativoelvalledeaguascalientes.online\/?p=67767","title":{"rendered":"\ud835\udc0f\ud835\udc2b\ud835\udc1e\ud835\udc2c\ud835\udc22\ud835\udc1d\ud835\udc1e\ud835\udc27\ud835\udc2d\ud835\udc1e \ud835\udc1e\ud835\udc27 \ud835\udc2d\ud835\udc2e \ud835\udc04\ud835\udc2c\ud835\udc1c\ud835\udc2e\ud835\udc1e\ud835\udc25\ud835\udc1a +\ud835\udc02\ud835\udc1e\ud835\udc2b\ud835\udc1c\ud835\udc1a \ud835\udc1d\ud835\udc1e \ud835\udc2d\ud835\udc22"},"content":{"rendered":"<p class=\"p1\">#informativoelvalledeaguascalientes<span class=\"Apple-converted-space\">\u00a0 <\/span>#novaradioaguascalientes #informativoelvalledeaguascalientesll #Aguascalientes<\/p>\n<p>&nbsp;<\/p>\n<p>&nbsp;<\/p>\n<p>El Gobierno de Calvillo realiz\u00f3 el Programa \ud835\udc0f\ud835\udc2b\ud835\udc1e\ud835\udc2c\ud835\udc22\ud835\udc1d\ud835\udc1e\ud835\udc27\ud835\udc2d\ud835\udc1e \ud835\udc1e\ud835\udc27 \ud835\udc2d\ud835\udc2e \ud835\udc04\ud835\udc2c\ud835\udc1c\ud835\udc2e\ud835\udc1e\ud835\udc25\ud835\udc1a +\ud835\udc02\ud835\udc1e\ud835\udc2b\ud835\udc1c\ud835\udc1a \ud835\udc1d\ud835\udc1e \ud835\udc2d\ud835\udc22 en la ETV No. 126 Agust\u00edn Melgar, de la comunidad de La Panadera.<\/p>\n<p>Como parte de las actividades, se llevaron a cabo los honores a la Bandera, se entonaron las notas del Himno Nacional Mexicano y se dio lectura a las efem\u00e9rides m\u00e1s relevantes de la semana, reforzando el compromiso con la formaci\u00f3n c\u00edvica de las y los estudiantes.<\/p>\n<p>Daniel Romo Urrutia, presidente municipal de Calvillo, agradeci\u00f3 a la comunidad escolar por su participaci\u00f3n y disposici\u00f3n para fortalecer el respeto por los s\u00edmbolos patrios.<br \/>\nAs\u00ed mismo, el alcalde agradeci\u00f3 a las instituciones que se sumaron para acercar servicios a la comunidad educativa y a las y los vecinos de La Panadera que se dieron cita en esta jornada en la que adem\u00e1s se entregaron tarjetas para la Casa del Adolescente.<\/p>\n<p>#GobiernoDeCalvillo<\/p>\n","protected":false},"excerpt":{"rendered":"<p>#informativoelvalledeaguascalientes\u00a0 #novaradioaguascalientes #informativoelvalledeaguascalientesll #Aguascalientes &nbsp; &nbsp; El Gobierno de Calvillo realiz\u00f3 el Programa \ud835\udc0f\ud835\udc2b\ud835\udc1e\ud835\udc2c\ud835\udc22\ud835\udc1d\ud835\udc1e\ud835\udc27\ud835\udc2d\ud835\udc1e \ud835\udc1e\ud835\udc27 \ud835\udc2d\ud835\udc2e \ud835\udc04\ud835\udc2c\ud835\udc1c\ud835\udc2e\ud835\udc1e\ud835\udc25\ud835\udc1a +\ud835\udc02\ud835\udc1e\ud835\udc2b\ud835\udc1c\ud835\udc1a \ud835\udc1d\ud835\udc1e \ud835\udc2d\ud835\udc22 en la ETV No. 126 Agust\u00edn Melgar, de la comunidad de La Panadera. Como parte de las actividades, se llevaron a cabo los honores a la Bandera, se entonaron las notas del Himno Nacional Mexicano [&hellip;]<\/p>\n","protected":false},"author":1,"featured_media":67768,"comment_status":"closed","ping_status":"open","sticky":false,"template":"","format":"standard","meta":{"advanced_seo_description":"","jetpack_seo_html_title":"","jetpack_seo_noindex":false,"_jetpack_memberships_contains_paid_content":false,"footnotes":"","jetpack_publicize_message":"","jetpack_publicize_feature_enabled":true,"jetpack_social_post_already_shared":true,"jetpack_social_options":{"image_generator_settings":{"template":"highway","default_image_id":0,"font":"","enabled":false},"version":2}},"categories":[21,13],"tags":[22,88,29],"class_list":["post-67767","post","type-post","status-publish","format-standard","has-post-thumbnail","hentry","category-aguascalientes","category-calvillo-aguascalientes","tag-aguascalientes","tag-calvillo","tag-calvillo-aguascalientes"],"jetpack_publicize_connections":[],"jetpack_featured_media_url":"https:\/\/i0.wp.com\/informativoelvalledeaguascalientes.online\/wp-content\/uploads\/2025\/04\/f0961226-9d31-421e-a194-e4ed061b9c73.jpeg?fit=1280%2C853&ssl=1","jetpack-related-posts":[],"jetpack_sharing_enabled":true,"jetpack_likes_enabled":true,"_links":{"self":[{"href":"https:\/\/informativoelvalledeaguascalientes.online\/index.php?rest_route=\/wp\/v2\/posts\/67767","targetHints":{"allow":["GET"]}}],"collection":[{"href":"https:\/\/informativoelvalledeaguascalientes.online\/index.php?rest_route=\/wp\/v2\/posts"}],"about":[{"href":"https:\/\/informativoelvalledeaguascalientes.online\/index.php?rest_route=\/wp\/v2\/types\/post"}],"author":[{"embeddable":true,"href":"https:\/\/informativoelvalledeaguascalientes.online\/index.php?rest_route=\/wp\/v2\/users\/1"}],"replies":[{"embeddable":true,"href":"https:\/\/informativoelvalledeaguascalientes.online\/index.php?rest_route=%2Fwp%2Fv2%2Fcomments&post=67767"}],"version-history":[{"count":1,"href":"https:\/\/informativoelvalledeaguascalientes.online\/index.php?rest_route=\/wp\/v2\/posts\/67767\/revisions"}],"predecessor-version":[{"id":67769,"href":"https:\/\/informativoelvalledeaguascalientes.online\/index.php?rest_route=\/wp\/v2\/posts\/67767\/revisions\/67769"}],"wp:featuredmedia":[{"embeddable":true,"href":"https:\/\/informativoelvalledeaguascalientes.online\/index.php?rest_route=\/wp\/v2\/media\/67768"}],"wp:attachment":[{"href":"https:\/\/informativoelvalledeaguascalientes.online\/index.php?rest_route=%2Fwp%2Fv2%2Fmedia&parent=67767"}],"wp:term":[{"taxonomy":"category","embeddable":true,"href":"https:\/\/informativoelvalledeaguascalientes.online\/index.php?rest_route=%2Fwp%2Fv2%2Fcategories&post=67767"},{"taxonomy":"post_tag","embeddable":true,"href":"https:\/\/informativoelvalledeaguascalientes.online\/index.php?rest_route=%2Fwp%2Fv2%2Ftags&post=67767"}],"curies":[{"name":"wp","href":"https:\/\/api.w.org\/{rel}","templated":true}]}}