{"id":67743,"date":"2025-04-07T19:28:55","date_gmt":"2025-04-08T01:28:55","guid":{"rendered":"https:\/\/informativoelvalledeaguascalientes.online\/?p=67743"},"modified":"2025-04-07T19:28:55","modified_gmt":"2025-04-08T01:28:55","slug":"conmemoran-el-dia-mundial-de-la-salud-con-jornada-gratuita-de-servicios-medicos-en-jesus-maria","status":"publish","type":"post","link":"https:\/\/informativoelvalledeaguascalientes.online\/?p=67743","title":{"rendered":"CONMEMORAN EL D\u00cdA MUNDIAL DE LA SALUD CON JORNADA GRATUITA DE SERVICIOS M\u00c9DICOS EN JES\u00daS MAR\u00cdA"},"content":{"rendered":"<p class=\"p1\">#informativoelvalledeaguascalientes<span class=\"Apple-converted-space\">\u00a0 <\/span>#novaradioaguascalientes #informativoelvalledeaguascalientesll #Aguascalientes<\/p>\n<p>&nbsp;<\/p>\n<p>&nbsp;<\/p>\n<p>En el marco del D\u00eda Mundial de la Salud, el Gobierno Municipal de Jes\u00fas Mar\u00eda, a trav\u00e9s de la Instancia de la Salud, llevar\u00e1 a cabo una jornada especial ofreciendo servicios m\u00e9dicos gratuitos para toda la ciudadan\u00eda, reafirmando su compromiso con la salud de la poblaci\u00f3n.<\/p>\n<p>La titular de la Instancia de la Salud de Jes\u00fas Mar\u00eda, Rosa Isela Torres Valenzuela, inform\u00f3 que durante esta jornada que se llevar\u00e1 a cabo de 17:00 a 20:00 horas, en la avenida Constituci\u00f3n a la altura del fraccionamiento La Troje, se brindar\u00e1n consultas m\u00e9dicas generales, dentales, de psicolog\u00eda, rehabilitaci\u00f3n f\u00edsica y nutrici\u00f3n, sin costo alguno.<\/p>\n<p>Adem\u00e1s, se ofrecer\u00e1n pl\u00e1ticas de salud reproductiva, asimismo, en coordinaci\u00f3n con el SECOSAMA, se realizar\u00e1n acciones de detecci\u00f3n de adicciones y, con apoyo del Club Rotario, se aplicar\u00e1n pruebas de detecci\u00f3n de diabetes infantil, con el objetivo de promover la detecci\u00f3n oportuna y la prevenci\u00f3n de enfermedades desde edades tempranas.<\/p>\n<p>Como parte del enfoque integral de salud, tambi\u00e9n se impartir\u00e1n pl\u00e1ticas de concientizaci\u00f3n sobre el trato digno hacia los animales, y se contar\u00e1 con el servici de vacunaci\u00f3n para perros, buscando fomentar la tenencia responsable y la salud animal.<\/p>\n<p>Finalmente, Rosa Isela Torres Valenzuela invit\u00f3 a la ciudadan\u00eda a participar en esta jornada y acercarse a la Instancia de la Salud, donde de manera permanente se ofrecen servicios m\u00e9dicos a muy bajo costo, como parte del compromiso del gobierno municipal de Jes\u00fas Mar\u00eda por acercar la salud a todas y todos<\/p>\n","protected":false},"excerpt":{"rendered":"<p>#informativoelvalledeaguascalientes\u00a0 #novaradioaguascalientes #informativoelvalledeaguascalientesll #Aguascalientes &nbsp; &nbsp; En el marco del D\u00eda Mundial de la Salud, el Gobierno Municipal de Jes\u00fas Mar\u00eda, a trav\u00e9s de la Instancia de la Salud, llevar\u00e1 a cabo una jornada especial ofreciendo servicios m\u00e9dicos gratuitos para toda la ciudadan\u00eda, reafirmando su compromiso con la salud de la poblaci\u00f3n. La titular de [&hellip;]<\/p>\n","protected":false},"author":1,"featured_media":67744,"comment_status":"closed","ping_status":"open","sticky":false,"template":"","format":"standard","meta":{"advanced_seo_description":"","jetpack_seo_html_title":"","jetpack_seo_noindex":false,"_jetpack_memberships_contains_paid_content":false,"footnotes":"","jetpack_publicize_message":"","jetpack_publicize_feature_enabled":true,"jetpack_social_post_already_shared":true,"jetpack_social_options":{"image_generator_settings":{"template":"highway","default_image_id":0,"font":"","enabled":false},"version":2}},"categories":[21,14],"tags":[22,45],"class_list":["post-67743","post","type-post","status-publish","format-standard","has-post-thumbnail","hentry","category-aguascalientes","category-jesus-maria-aguascalientes","tag-aguascalientes","tag-jesus-maria-aguascalientes"],"jetpack_publicize_connections":[],"jetpack_featured_media_url":"https:\/\/i0.wp.com\/informativoelvalledeaguascalientes.online\/wp-content\/uploads\/2025\/04\/be298341-e86e-46c5-afa6-b9ac201309f5.jpeg?fit=542%2C839&ssl=1","jetpack-related-posts":[],"jetpack_sharing_enabled":true,"jetpack_likes_enabled":true,"_links":{"self":[{"href":"https:\/\/informativoelvalledeaguascalientes.online\/index.php?rest_route=\/wp\/v2\/posts\/67743","targetHints":{"allow":["GET"]}}],"collection":[{"href":"https:\/\/informativoelvalledeaguascalientes.online\/index.php?rest_route=\/wp\/v2\/posts"}],"about":[{"href":"https:\/\/informativoelvalledeaguascalientes.online\/index.php?rest_route=\/wp\/v2\/types\/post"}],"author":[{"embeddable":true,"href":"https:\/\/informativoelvalledeaguascalientes.online\/index.php?rest_route=\/wp\/v2\/users\/1"}],"replies":[{"embeddable":true,"href":"https:\/\/informativoelvalledeaguascalientes.online\/index.php?rest_route=%2Fwp%2Fv2%2Fcomments&post=67743"}],"version-history":[{"count":1,"href":"https:\/\/informativoelvalledeaguascalientes.online\/index.php?rest_route=\/wp\/v2\/posts\/67743\/revisions"}],"predecessor-version":[{"id":67745,"href":"https:\/\/informativoelvalledeaguascalientes.online\/index.php?rest_route=\/wp\/v2\/posts\/67743\/revisions\/67745"}],"wp:featuredmedia":[{"embeddable":true,"href":"https:\/\/informativoelvalledeaguascalientes.online\/index.php?rest_route=\/wp\/v2\/media\/67744"}],"wp:attachment":[{"href":"https:\/\/informativoelvalledeaguascalientes.online\/index.php?rest_route=%2Fwp%2Fv2%2Fmedia&parent=67743"}],"wp:term":[{"taxonomy":"category","embeddable":true,"href":"https:\/\/informativoelvalledeaguascalientes.online\/index.php?rest_route=%2Fwp%2Fv2%2Fcategories&post=67743"},{"taxonomy":"post_tag","embeddable":true,"href":"https:\/\/informativoelvalledeaguascalientes.online\/index.php?rest_route=%2Fwp%2Fv2%2Ftags&post=67743"}],"curies":[{"name":"wp","href":"https:\/\/api.w.org\/{rel}","templated":true}]}}