{"id":67737,"date":"2025-04-07T19:17:52","date_gmt":"2025-04-08T01:17:52","guid":{"rendered":"https:\/\/informativoelvalledeaguascalientes.online\/?p=67737"},"modified":"2025-04-07T19:17:52","modified_gmt":"2025-04-08T01:17:52","slug":"imparte-centro-de-justicia-para-mujeres-capacitacion-a-representantes-de-la-empresa-flex","status":"publish","type":"post","link":"https:\/\/informativoelvalledeaguascalientes.online\/?p=67737","title":{"rendered":"IMPARTE CENTRO DE JUSTICIA PARA MUJERES CAPACITACI\u00d3N A REPRESENTANTES DE LA EMPRESA FLEX"},"content":{"rendered":"<p class=\"p1\">#informativoelvalledeaguascalientes<span class=\"Apple-converted-space\">\u00a0 <\/span>#novaradioaguascalientes #informativoelvalledeaguascalientesll #Aguascalientes<\/p>\n<p>&nbsp;<\/p>\n<p>&nbsp;<\/p>\n<p>Con la finalidad de fortalecer el acercamiento con los diversos sectores de la sociedad, acorde a las instrucciones del Fiscal General del Estado, Manuel Alonso Garc\u00eda, se imparti\u00f3 una capacitaci\u00f3n a representantes de la empresa Flex, con el objetivo de que conozcan los servicios integrales que se ofrecen, fomentando la sensibilizaci\u00f3n y el compromiso con la prevenci\u00f3n y atenci\u00f3n de la violencia de g\u00e9nero.<\/p>\n<p>Fue la Coordinadora del Centro de Justicia para Mujeres, Mabel Guadalupe Haro Peralta, as\u00ed como las jefas de departamento y encargadas de las diferentes \u00e1reas, quienes dieron esta capacitaci\u00f3n a Columba Garza, Sr Director, Program Management &amp; Business Development \u2013 NPIs; Liliana Guerrero, Head of HR Business Partner; Arleth Novelo, Project Specialist &#8211; Communication &amp; Sustainability; Cristina Herrera, Site Human Resources Business Partner y Andrea Garc\u00eda, Program Administrator &#8211; Marketing NPIs, tras lo cual les dieron un recorrido por las instalaciones a fin de que pudieran conocer las actividades que ah\u00ed se llevan a cabo todos los d\u00edas para mejorar la procuraci\u00f3n de justicia a las mujeres en la entidad.<\/p>\n<p>&nbsp;<\/p>\n<p>&nbsp;<\/p>\n","protected":false},"excerpt":{"rendered":"<p>#informativoelvalledeaguascalientes\u00a0 #novaradioaguascalientes #informativoelvalledeaguascalientesll #Aguascalientes &nbsp; &nbsp; Con la finalidad de fortalecer el acercamiento con los diversos sectores de la sociedad, acorde a las instrucciones del Fiscal General del Estado, Manuel Alonso Garc\u00eda, se imparti\u00f3 una capacitaci\u00f3n a representantes de la empresa Flex, con el objetivo de que conozcan los servicios integrales que se ofrecen, fomentando [&hellip;]<\/p>\n","protected":false},"author":1,"featured_media":67738,"comment_status":"closed","ping_status":"open","sticky":false,"template":"","format":"standard","meta":{"advanced_seo_description":"","jetpack_seo_html_title":"","jetpack_seo_noindex":false,"_jetpack_memberships_contains_paid_content":false,"footnotes":"","jetpack_publicize_message":"","jetpack_publicize_feature_enabled":true,"jetpack_social_post_already_shared":true,"jetpack_social_options":{"image_generator_settings":{"template":"highway","default_image_id":0,"font":"","enabled":false},"version":2}},"categories":[21,4],"tags":[22,331,615],"class_list":["post-67737","post","type-post","status-publish","format-standard","has-post-thumbnail","hentry","category-aguascalientes","category-gobierno-del-estado-aguascalientes","tag-aguascalientes","tag-fiscalia-general-del-estado-de-aguascalientes","tag-gobierno-del-estado-de-aguascalientes"],"jetpack_publicize_connections":[],"jetpack_featured_media_url":"https:\/\/i0.wp.com\/informativoelvalledeaguascalientes.online\/wp-content\/uploads\/2025\/04\/d105972a-2088-417d-a947-2a7ec81478b8.jpeg?fit=1600%2C1200&ssl=1","jetpack-related-posts":[],"jetpack_sharing_enabled":true,"jetpack_likes_enabled":true,"_links":{"self":[{"href":"https:\/\/informativoelvalledeaguascalientes.online\/index.php?rest_route=\/wp\/v2\/posts\/67737","targetHints":{"allow":["GET"]}}],"collection":[{"href":"https:\/\/informativoelvalledeaguascalientes.online\/index.php?rest_route=\/wp\/v2\/posts"}],"about":[{"href":"https:\/\/informativoelvalledeaguascalientes.online\/index.php?rest_route=\/wp\/v2\/types\/post"}],"author":[{"embeddable":true,"href":"https:\/\/informativoelvalledeaguascalientes.online\/index.php?rest_route=\/wp\/v2\/users\/1"}],"replies":[{"embeddable":true,"href":"https:\/\/informativoelvalledeaguascalientes.online\/index.php?rest_route=%2Fwp%2Fv2%2Fcomments&post=67737"}],"version-history":[{"count":1,"href":"https:\/\/informativoelvalledeaguascalientes.online\/index.php?rest_route=\/wp\/v2\/posts\/67737\/revisions"}],"predecessor-version":[{"id":67739,"href":"https:\/\/informativoelvalledeaguascalientes.online\/index.php?rest_route=\/wp\/v2\/posts\/67737\/revisions\/67739"}],"wp:featuredmedia":[{"embeddable":true,"href":"https:\/\/informativoelvalledeaguascalientes.online\/index.php?rest_route=\/wp\/v2\/media\/67738"}],"wp:attachment":[{"href":"https:\/\/informativoelvalledeaguascalientes.online\/index.php?rest_route=%2Fwp%2Fv2%2Fmedia&parent=67737"}],"wp:term":[{"taxonomy":"category","embeddable":true,"href":"https:\/\/informativoelvalledeaguascalientes.online\/index.php?rest_route=%2Fwp%2Fv2%2Fcategories&post=67737"},{"taxonomy":"post_tag","embeddable":true,"href":"https:\/\/informativoelvalledeaguascalientes.online\/index.php?rest_route=%2Fwp%2Fv2%2Ftags&post=67737"}],"curies":[{"name":"wp","href":"https:\/\/api.w.org\/{rel}","templated":true}]}}