{"id":67726,"date":"2025-04-06T17:45:21","date_gmt":"2025-04-06T23:45:21","guid":{"rendered":"https:\/\/informativoelvalledeaguascalientes.online\/?p=67726"},"modified":"2025-04-06T17:45:21","modified_gmt":"2025-04-06T23:45:21","slug":"el-recurso-humano-es-lo-mas-importante-en-la-fiscalia-general-del-estado-mag","status":"publish","type":"post","link":"https:\/\/informativoelvalledeaguascalientes.online\/?p=67726","title":{"rendered":"EL RECURSO HUMANO ES LO M\u00c1S IMPORTANTE EN LA FISCAL\u00cdA GENERAL DEL ESTADO: MAG"},"content":{"rendered":"<p>#informativoelvalledeaguascalientes #novaradioaguascalientes #informativoelvalledeaguascalientesll #Aguascalientes<\/p>\n<p>&nbsp;<\/p>\n<p>&nbsp;<\/p>\n<p>\u2022 Se mejorar\u00e1n sus prestaciones y condiciones laborales, a fin de fortalecer su sentido de pertenencia.<\/p>\n<p>\u2022 Ser\u00e1 mejorada la infraestructura para contar con instalaciones adecuadas para el desarrollo de sus actividades.<\/p>\n<p>Como parte de las acciones que forman parte del Plan de Seguridad y Justicia Blindaje Aguascalientes, se mejorar\u00e1n las prestaciones y condiciones laborales del personal de la Fiscal\u00eda General del Estado, lo que permitir\u00e1 fortalecer su sentido de pertenencia, asimismo, ser\u00e1 mejorada la infraestructura para contar con instalaciones adecuadas para el desarrollo de sus actividades.<\/p>\n<p>Estas medidas buscan no solo mejorar la operatividad de la Fiscal\u00eda, sino tambi\u00e9n elevar la calidad de vida de quienes forman parte de este importante organismo, indic\u00f3 el titular de la instituci\u00f3n, Manuel Alonso Garc\u00eda.<\/p>\n<p>Agreg\u00f3 que entre las propuestas destacadas se encuentran mejoras significativas en las prestaciones y condiciones laborales de los trabajadores, enfatizando en la importancia de ofrecer becas educativas para los hijos del personal, asegurando as\u00ed un futuro prometedor para las nuevas generaciones.<\/p>\n<p>Asimismo, se\u00f1al\u00f3, se contempla el acceso a viviendas dignas a un costo m\u00e1s accesible, lo que permitir\u00e1 a los trabajadores y sus familias disfrutar de un hogar seguro y confortable, de la misma forma, se implementar\u00e1n est\u00edmulos econ\u00f3micos y bonos que reconozcan el esfuerzo, as\u00ed como la dedicaci\u00f3n del personal, as\u00ed como la necesidad de contar con instalaciones dignas y funcionales que faciliten el desempe\u00f1o de sus labores diarias.<\/p>\n<p>Reafirm\u00f3 su compromiso con el bienestar de los trabajadores y su familia, destacando que una instituci\u00f3n fuerte se construye sobre la base de un equipo motivado y satisfecho, pues el objetivo es crear un entorno laboral que no solo sea productivo, sino tambi\u00e9n humano y solidario.<\/p>\n<p>De la misma forma, tras las visitas que realiz\u00f3 en cada una de las instalaciones de la instituci\u00f3n, consider\u00f3 que se requiere mejorar la infraestructura, a fin de que el personal cuente con las instalaciones adecuadas para realizar sus actividades cotidianas.<\/p>\n","protected":false},"excerpt":{"rendered":"<p>#informativoelvalledeaguascalientes #novaradioaguascalientes #informativoelvalledeaguascalientesll #Aguascalientes &nbsp; &nbsp; \u2022 Se mejorar\u00e1n sus prestaciones y condiciones laborales, a fin de fortalecer su sentido de pertenencia. \u2022 Ser\u00e1 mejorada la infraestructura para contar con instalaciones adecuadas para el desarrollo de sus actividades. Como parte de las acciones que forman parte del Plan de Seguridad y Justicia Blindaje Aguascalientes, se [&hellip;]<\/p>\n","protected":false},"author":1,"featured_media":67723,"comment_status":"closed","ping_status":"open","sticky":false,"template":"","format":"standard","meta":{"advanced_seo_description":"","jetpack_seo_html_title":"","jetpack_seo_noindex":false,"_jetpack_memberships_contains_paid_content":false,"footnotes":"","jetpack_publicize_message":"","jetpack_publicize_feature_enabled":true,"jetpack_social_post_already_shared":true,"jetpack_social_options":{"image_generator_settings":{"template":"highway","default_image_id":0,"font":"","enabled":false},"version":2}},"categories":[21,4],"tags":[22,331,615],"class_list":["post-67726","post","type-post","status-publish","format-standard","has-post-thumbnail","hentry","category-aguascalientes","category-gobierno-del-estado-aguascalientes","tag-aguascalientes","tag-fiscalia-general-del-estado-de-aguascalientes","tag-gobierno-del-estado-de-aguascalientes"],"jetpack_publicize_connections":[],"jetpack_featured_media_url":"https:\/\/i0.wp.com\/informativoelvalledeaguascalientes.online\/wp-content\/uploads\/2025\/04\/5e53b49e-a65a-447c-99c3-ce644e04b64a.jpg?fit=1280%2C853&ssl=1","jetpack-related-posts":[],"jetpack_sharing_enabled":true,"jetpack_likes_enabled":true,"_links":{"self":[{"href":"https:\/\/informativoelvalledeaguascalientes.online\/index.php?rest_route=\/wp\/v2\/posts\/67726","targetHints":{"allow":["GET"]}}],"collection":[{"href":"https:\/\/informativoelvalledeaguascalientes.online\/index.php?rest_route=\/wp\/v2\/posts"}],"about":[{"href":"https:\/\/informativoelvalledeaguascalientes.online\/index.php?rest_route=\/wp\/v2\/types\/post"}],"author":[{"embeddable":true,"href":"https:\/\/informativoelvalledeaguascalientes.online\/index.php?rest_route=\/wp\/v2\/users\/1"}],"replies":[{"embeddable":true,"href":"https:\/\/informativoelvalledeaguascalientes.online\/index.php?rest_route=%2Fwp%2Fv2%2Fcomments&post=67726"}],"version-history":[{"count":1,"href":"https:\/\/informativoelvalledeaguascalientes.online\/index.php?rest_route=\/wp\/v2\/posts\/67726\/revisions"}],"predecessor-version":[{"id":67727,"href":"https:\/\/informativoelvalledeaguascalientes.online\/index.php?rest_route=\/wp\/v2\/posts\/67726\/revisions\/67727"}],"wp:featuredmedia":[{"embeddable":true,"href":"https:\/\/informativoelvalledeaguascalientes.online\/index.php?rest_route=\/wp\/v2\/media\/67723"}],"wp:attachment":[{"href":"https:\/\/informativoelvalledeaguascalientes.online\/index.php?rest_route=%2Fwp%2Fv2%2Fmedia&parent=67726"}],"wp:term":[{"taxonomy":"category","embeddable":true,"href":"https:\/\/informativoelvalledeaguascalientes.online\/index.php?rest_route=%2Fwp%2Fv2%2Fcategories&post=67726"},{"taxonomy":"post_tag","embeddable":true,"href":"https:\/\/informativoelvalledeaguascalientes.online\/index.php?rest_route=%2Fwp%2Fv2%2Ftags&post=67726"}],"curies":[{"name":"wp","href":"https:\/\/api.w.org\/{rel}","templated":true}]}}