{"id":67719,"date":"2025-04-06T17:21:37","date_gmt":"2025-04-06T23:21:37","guid":{"rendered":"https:\/\/informativoelvalledeaguascalientes.online\/?p=67719"},"modified":"2025-04-06T17:21:37","modified_gmt":"2025-04-06T23:21:37","slug":"asiste-al-concierto-con-solistas-de-la-osa","status":"publish","type":"post","link":"https:\/\/informativoelvalledeaguascalientes.online\/?p=67719","title":{"rendered":"ASISTE AL CONCIERTO \u201cCON SOLISTAS DE LA OSA\u201d"},"content":{"rendered":"<p>#informativoelvalledeaguascalientes #novaradioaguascalientes #informativoelvalledeaguascalientesll #Aguascalientes<\/p>\n<p>&nbsp;<\/p>\n<p>&nbsp;<\/p>\n<p>El Instituto Cultural de Aguascalientes invita al concierto \u201cCon solistas de la OSA\u201d que se llevar\u00e1 a cabo el domingo 6 de abril a las 18:00 horas en Palacio de Gobierno.<\/p>\n<p>En esta ocasi\u00f3n con la participaci\u00f3n de Sandra D\u00edaz Roqueta, Anderson Rodrigues da Silva, Megan Maiorana, Olga Ulanova, Daniel Romo Gudi\u00f1o y Jonathan Wilson, bajo la direcci\u00f3n de Rom\u00e1n Revueltas Retes.<br \/>\nLa entrada es libre, no se requiere boleto.<\/p>\n","protected":false},"excerpt":{"rendered":"<p>#informativoelvalledeaguascalientes #novaradioaguascalientes #informativoelvalledeaguascalientesll #Aguascalientes &nbsp; &nbsp; El Instituto Cultural de Aguascalientes invita al concierto \u201cCon solistas de la OSA\u201d que se llevar\u00e1 a cabo el domingo 6 de abril a las 18:00 horas en Palacio de Gobierno. En esta ocasi\u00f3n con la participaci\u00f3n de Sandra D\u00edaz Roqueta, Anderson Rodrigues da Silva, Megan Maiorana, Olga Ulanova, [&hellip;]<\/p>\n","protected":false},"author":1,"featured_media":67720,"comment_status":"closed","ping_status":"open","sticky":false,"template":"","format":"standard","meta":{"advanced_seo_description":"","jetpack_seo_html_title":"","jetpack_seo_noindex":false,"_jetpack_memberships_contains_paid_content":false,"footnotes":"","jetpack_publicize_message":"","jetpack_publicize_feature_enabled":true,"jetpack_social_post_already_shared":true,"jetpack_social_options":{"image_generator_settings":{"template":"highway","default_image_id":0,"font":"","enabled":false},"version":2}},"categories":[21,4],"tags":[22,615,52],"class_list":["post-67719","post","type-post","status-publish","format-standard","has-post-thumbnail","hentry","category-aguascalientes","category-gobierno-del-estado-aguascalientes","tag-aguascalientes","tag-gobierno-del-estado-de-aguascalientes","tag-ica"],"jetpack_publicize_connections":[],"jetpack_featured_media_url":"https:\/\/i0.wp.com\/informativoelvalledeaguascalientes.online\/wp-content\/uploads\/2025\/04\/d84c8910-0e68-404b-8028-390074537fc6.jpg?fit=1600%2C1600&ssl=1","jetpack-related-posts":[],"jetpack_sharing_enabled":true,"jetpack_likes_enabled":true,"_links":{"self":[{"href":"https:\/\/informativoelvalledeaguascalientes.online\/index.php?rest_route=\/wp\/v2\/posts\/67719","targetHints":{"allow":["GET"]}}],"collection":[{"href":"https:\/\/informativoelvalledeaguascalientes.online\/index.php?rest_route=\/wp\/v2\/posts"}],"about":[{"href":"https:\/\/informativoelvalledeaguascalientes.online\/index.php?rest_route=\/wp\/v2\/types\/post"}],"author":[{"embeddable":true,"href":"https:\/\/informativoelvalledeaguascalientes.online\/index.php?rest_route=\/wp\/v2\/users\/1"}],"replies":[{"embeddable":true,"href":"https:\/\/informativoelvalledeaguascalientes.online\/index.php?rest_route=%2Fwp%2Fv2%2Fcomments&post=67719"}],"version-history":[{"count":1,"href":"https:\/\/informativoelvalledeaguascalientes.online\/index.php?rest_route=\/wp\/v2\/posts\/67719\/revisions"}],"predecessor-version":[{"id":67721,"href":"https:\/\/informativoelvalledeaguascalientes.online\/index.php?rest_route=\/wp\/v2\/posts\/67719\/revisions\/67721"}],"wp:featuredmedia":[{"embeddable":true,"href":"https:\/\/informativoelvalledeaguascalientes.online\/index.php?rest_route=\/wp\/v2\/media\/67720"}],"wp:attachment":[{"href":"https:\/\/informativoelvalledeaguascalientes.online\/index.php?rest_route=%2Fwp%2Fv2%2Fmedia&parent=67719"}],"wp:term":[{"taxonomy":"category","embeddable":true,"href":"https:\/\/informativoelvalledeaguascalientes.online\/index.php?rest_route=%2Fwp%2Fv2%2Fcategories&post=67719"},{"taxonomy":"post_tag","embeddable":true,"href":"https:\/\/informativoelvalledeaguascalientes.online\/index.php?rest_route=%2Fwp%2Fv2%2Ftags&post=67719"}],"curies":[{"name":"wp","href":"https:\/\/api.w.org\/{rel}","templated":true}]}}