{"id":67713,"date":"2025-04-06T17:08:18","date_gmt":"2025-04-06T23:08:18","guid":{"rendered":"https:\/\/informativoelvalledeaguascalientes.online\/?p=67713"},"modified":"2025-04-06T17:08:18","modified_gmt":"2025-04-06T23:08:18","slug":"uaa-y-bachilleratos-incorporados-impulsan-la-actualizacion-curricular-y-la-cultura-de-paz-en-la-formacion-de-jovenes","status":"publish","type":"post","link":"https:\/\/informativoelvalledeaguascalientes.online\/?p=67713","title":{"rendered":"UAA y Bachilleratos Incorporados impulsan la actualizaci\u00f3n curricular y la cultura de paz en la formaci\u00f3n de j\u00f3venes"},"content":{"rendered":"<p>#informativoelvalledeaguascalientes #novaradioaguascalientes #informativoelvalledeaguascalientesll #Aguascalientes<\/p>\n<p>&nbsp;<\/p>\n<p>&nbsp;<\/p>\n<p>\u25cf Se realiz\u00f3 la primera reuni\u00f3n de autoridades universitarias y de las 22 instituciones de bachillerato incorporadas a la UAA.<br \/>\n\u25cf Se analiz\u00f3 la participaci\u00f3n que tuvieron los estudiantes en dos pruebas importantes dentro del nivel medio: el inventario CEPA y PIENSE II.<\/p>\n<p>La Universidad Aut\u00f3noma de Aguascalientes alberg\u00f3 la primera reuni\u00f3n del a\u00f1o entre directivos de la m\u00e1xima casa de estudios y de las 22 instituciones de bachillerato que se encuentran incorporadas a su sistema educativo.<\/p>\n<p>Este encuentro tuvo lugar con el prop\u00f3sito de que los directores de las preparatorias incorporadas conocieran los cambios que se efectuaron en el Plan de Estudios y que entrar\u00e1n en vigor a partir del semestre agosto-diciembre 2025.<\/p>\n<p>La Dra. Lilia Beatriz Cisneros Guzm\u00e1n, directora general de Docencia de Pregrado, explic\u00f3 que es importante que se tomen en cuenta dichos cambios para que en las escuelas incorporadas conozcan c\u00f3mo se pueden implementar, as\u00ed como el impacto positivo en beneficio de los estudiantes.<\/p>\n<p>\u201cEstas reuniones son importantes porque abonan a la reflexi\u00f3n, a un discernimiento de pr\u00e1cticas que nos puedan llevar a una mejor formaci\u00f3n de los alumnos, y as\u00ed tambi\u00e9n, para escuchar las dudas e inquietudes de los directivos de las escuelas incorporadas\u201d, coment\u00f3.<\/p>\n<p>En el marco de los trabajos se abord\u00f3 el tema de \u201cCultura de Paz\u201d. La Dra. Cisneros coment\u00f3 que adem\u00e1s de lo acad\u00e9mico, se consideran estrategias para favorecer el di\u00e1logo ante un conflicto, c\u00f3mo evitar la violencia y c\u00f3mo tener un buen abordaje con los padres de familia; c\u00f3mo dirigirse al estudiantado (que es menor de edad) y c\u00f3mo trabajar la conciliaci\u00f3n, por mencionar algunos.<\/p>\n<p>Durante la sesi\u00f3n, tambi\u00e9n se analiz\u00f3 la participaci\u00f3n que tuvieron los alumnos de las diferentes instituciones en la prueba \u201cPiense II\u201d, que mide la capacidad de los estudiantes para procesar informaci\u00f3n verbal y num\u00e9rica, as\u00ed como de espa\u00f1ol, matem\u00e1ticas e ingl\u00e9s. Esta prueba finaliz\u00f3 su aplicaci\u00f3n en d\u00edas pasados.<\/p>\n<p>As\u00ed tambi\u00e9n, se efectu\u00f3 una revisi\u00f3n a la aplicaci\u00f3n 2025 del inventario Conoce, Explora, Planifica, Act\u00faa (CEPA), que sirve como instrumento orientador para que estudiantes conozcan, analicen y planifiquen su futuro educativo. Esta herramienta favorece a los educadores para dar seguimiento a los alumnos de cara a la elecci\u00f3n de una carrera universitaria. Sobre esta prueba en particular, se inform\u00f3 que los resultados se conocer\u00e1n el 17 de abril.<\/p>\n<p>Por su parte, el Mtro. Julio Oscar Rasc\u00f3n Zaragoza, decano del CEM, coment\u00f3 que, con el apoyo de la Direcci\u00f3n de Docencia de Pregrado, se sigue trabajando en afinar estrategias para desarrollar el mejor rumbo para alcanzar metas y fomentar el aprendizaje. Asimismo, reconoci\u00f3 que desde el CEM est\u00e1n en total disposici\u00f3n de resolver dudas en torno a un tema que a nivel nacional sigue generando inter\u00e9s: el anteproyecto de reforma para Ley de Educaci\u00f3n Media Superior, mismo que, desde el bachillerato de la UAA, se ha seguido a trav\u00e9s de diversos foros.<\/p>\n<p>La Mtra. Ma. de Lourdes D\u00edaz Mart\u00ednez, secretaria acad\u00e9mica del CEM fue la encargada de explicar a los presentes algunos cambios en la malla curricular del plan de estudios, en espec\u00edfico, que involucran al 5\u00ba y 6\u00ba semestres en cuestiones como intercambio de materias y modalidad de las mismas.<\/p>\n<p>Cabe hacer menci\u00f3n que a esta reuni\u00f3n asistieron tambi\u00e9n el Dr. Jos\u00e9 Manuel L\u00f3pez Libreros, secretario general de la UAA; Mtra. Alma Hilda Jim\u00e9nez Garc\u00eda, jefa del Departamento de Control Escolar, representantes de los Departamentos de Formaci\u00f3n y Actualizaci\u00f3n Acad\u00e9mica, Control Escolar y Evaluaci\u00f3n Educativa.<\/p>\n","protected":false},"excerpt":{"rendered":"<p>#informativoelvalledeaguascalientes #novaradioaguascalientes #informativoelvalledeaguascalientesll #Aguascalientes &nbsp; &nbsp; \u25cf Se realiz\u00f3 la primera reuni\u00f3n de autoridades universitarias y de las 22 instituciones de bachillerato incorporadas a la UAA. \u25cf Se analiz\u00f3 la participaci\u00f3n que tuvieron los estudiantes en dos pruebas importantes dentro del nivel medio: el inventario CEPA y PIENSE II. La Universidad Aut\u00f3noma de Aguascalientes alberg\u00f3 [&hellip;]<\/p>\n","protected":false},"author":1,"featured_media":67714,"comment_status":"closed","ping_status":"open","sticky":false,"template":"","format":"standard","meta":{"advanced_seo_description":"","jetpack_seo_html_title":"","jetpack_seo_noindex":false,"_jetpack_memberships_contains_paid_content":false,"footnotes":"","jetpack_publicize_message":"","jetpack_publicize_feature_enabled":true,"jetpack_social_post_already_shared":true,"jetpack_social_options":{"image_generator_settings":{"template":"highway","default_image_id":0,"font":"","enabled":false},"version":2}},"categories":[21,629],"tags":[22,142],"class_list":["post-67713","post","type-post","status-publish","format-standard","has-post-thumbnail","hentry","category-aguascalientes","category-universidad-autonoma-de-aguascalientes","tag-aguascalientes","tag-uaa"],"jetpack_publicize_connections":[],"jetpack_featured_media_url":"https:\/\/i0.wp.com\/informativoelvalledeaguascalientes.online\/wp-content\/uploads\/2025\/04\/a1dcbb52-6651-499d-85df-8e9a5563e0c3.jpg?fit=1290%2C859&ssl=1","jetpack-related-posts":[],"jetpack_sharing_enabled":true,"jetpack_likes_enabled":true,"_links":{"self":[{"href":"https:\/\/informativoelvalledeaguascalientes.online\/index.php?rest_route=\/wp\/v2\/posts\/67713","targetHints":{"allow":["GET"]}}],"collection":[{"href":"https:\/\/informativoelvalledeaguascalientes.online\/index.php?rest_route=\/wp\/v2\/posts"}],"about":[{"href":"https:\/\/informativoelvalledeaguascalientes.online\/index.php?rest_route=\/wp\/v2\/types\/post"}],"author":[{"embeddable":true,"href":"https:\/\/informativoelvalledeaguascalientes.online\/index.php?rest_route=\/wp\/v2\/users\/1"}],"replies":[{"embeddable":true,"href":"https:\/\/informativoelvalledeaguascalientes.online\/index.php?rest_route=%2Fwp%2Fv2%2Fcomments&post=67713"}],"version-history":[{"count":1,"href":"https:\/\/informativoelvalledeaguascalientes.online\/index.php?rest_route=\/wp\/v2\/posts\/67713\/revisions"}],"predecessor-version":[{"id":67715,"href":"https:\/\/informativoelvalledeaguascalientes.online\/index.php?rest_route=\/wp\/v2\/posts\/67713\/revisions\/67715"}],"wp:featuredmedia":[{"embeddable":true,"href":"https:\/\/informativoelvalledeaguascalientes.online\/index.php?rest_route=\/wp\/v2\/media\/67714"}],"wp:attachment":[{"href":"https:\/\/informativoelvalledeaguascalientes.online\/index.php?rest_route=%2Fwp%2Fv2%2Fmedia&parent=67713"}],"wp:term":[{"taxonomy":"category","embeddable":true,"href":"https:\/\/informativoelvalledeaguascalientes.online\/index.php?rest_route=%2Fwp%2Fv2%2Fcategories&post=67713"},{"taxonomy":"post_tag","embeddable":true,"href":"https:\/\/informativoelvalledeaguascalientes.online\/index.php?rest_route=%2Fwp%2Fv2%2Ftags&post=67713"}],"curies":[{"name":"wp","href":"https:\/\/api.w.org\/{rel}","templated":true}]}}