{"id":67632,"date":"2025-04-04T17:11:07","date_gmt":"2025-04-04T23:11:07","guid":{"rendered":"https:\/\/informativoelvalledeaguascalientes.online\/?p=67632"},"modified":"2025-04-04T17:11:07","modified_gmt":"2025-04-04T23:11:07","slug":"refuerza-aguascalientes-lazos-de-colaboracion-con-el-nuevo-coordinador-territorial-de-la-guardia-nacional","status":"publish","type":"post","link":"https:\/\/informativoelvalledeaguascalientes.online\/?p=67632","title":{"rendered":"REFUERZA AGUASCALIENTES LAZOS DE COLABORACI\u00d3N CON EL NUEVO COORDINADOR TERRITORIAL DE LA GUARDIA NACIONAL"},"content":{"rendered":"<p>#informativoelvalledeaguascalientes #novaradioaguascalientes #informativoelvalledeaguascalientesll #Aguascalientes<\/p>\n<p>&nbsp;<\/p>\n<ul class=\"_9iRlZ joYDm\">\n<li class=\"AY0Vp\" dir=\"auto\" aria-level=\"1\">\n<p id=\"viewer-p02gm120\" class=\"o0STb GF80u _6Vwzd HjRUP\" dir=\"\"><span class=\"B-fpk _6Vwzd\"><strong><em>Gerardo Serna Melchor asumi\u00f3 el cargo de coordinador territorial de la Regi\u00f3n Centro Norte de la Guardia Nacional<\/em><\/strong><\/span><\/p>\n<\/li>\n<li class=\"AY0Vp\" dir=\"auto\" aria-level=\"1\">\n<p id=\"viewer-e4rkt123\" class=\"o0STb GF80u _6Vwzd HjRUP\" dir=\"\"><span class=\"B-fpk _6Vwzd\"><strong><em>Incluye los estados de Aguascalientes, Durango, Guanajuato, San Luis Potos\u00ed y Zacatecas<\/em><\/strong><\/span><\/p>\n<\/li>\n<\/ul>\n<div id=\"viewer-j6ji1125\" class=\"o0STb GF80u joYDm HjRUP\" dir=\"auto\"><span class=\"B-fpk\">\u00a0<\/span><\/div>\n<div dir=\"auto\"><\/div>\n<p id=\"viewer-dbbxg126\" class=\"o0STb GF80u _6Vwzd HjRUP\" dir=\"auto\"><span class=\"B-fpk _6Vwzd\">El secretario de Seguridad P\u00fablica del Estado de Aguascalientes, Antonio Mart\u00ednez Romo, particip\u00f3 en la Ceremonia de Toma de Posesi\u00f3n de Mando y Protesta de Bandera del general de brigada de Estado Mayor Gerardo Serna Melchor, quien asumi\u00f3 el cargo de coordinador territorial de la Regi\u00f3n Centro Norte de la Guardia Nacional, que incluye los estados de Aguascalientes, Durango, Guanajuato, San Luis Potos\u00ed y Zacatecas.<\/span><\/p>\n<div id=\"viewer-hzw6p140\" class=\"o0STb GF80u _6Vwzd HjRUP\" dir=\"auto\"><span class=\"B-fpk _6Vwzd\">\u00a0<\/span><\/div>\n<p id=\"viewer-m07xw128\" class=\"o0STb GF80u _6Vwzd HjRUP\" dir=\"auto\"><span class=\"B-fpk _6Vwzd\">En el evento que se llev\u00f3 a cabo en la ciudad de Irapuato, Gto., Mart\u00ednez Romo destac\u00f3 la importancia de que los tres niveles de gobierno trabajen en coordinaci\u00f3n, con el \u00fanico fin de que las y los ciudadanos vivan en paz y tranquilidad.<\/span><\/p>\n<div id=\"viewer-uq6tv150\" class=\"o0STb GF80u _6Vwzd HjRUP\" dir=\"auto\"><span class=\"B-fpk _6Vwzd\">\u00a0<\/span><\/div>\n<p id=\"viewer-r4b1i130\" class=\"o0STb GF80u _6Vwzd HjRUP\" dir=\"auto\"><span class=\"B-fpk _6Vwzd\">\u201cEste nombramiento no solo refuerza la labor en la regi\u00f3n, sino que tambi\u00e9n reafirma el compromiso que tenemos desde el Gobierno del Estado de Aguascalientes, de seguir trabajando de manera coordinada con todas las fuerzas de seguridad. La paz y tranquilidad de nuestra gente son una prioridad, y seguiremos fortaleciendo estrategias para garantizar la seguridad del Gigante de M\u00e9xico\u201d, mencion\u00f3 el secretario.<\/span><\/p>\n<div id=\"viewer-k72yn160\" class=\"o0STb GF80u _6Vwzd HjRUP\" dir=\"auto\"><span class=\"B-fpk _6Vwzd\">\u00a0<\/span><\/div>\n<p id=\"viewer-mkcfd132\" class=\"o0STb GF80u _6Vwzd HjRUP\" dir=\"auto\"><span class=\"B-fpk _6Vwzd\">El evento protocolario cont\u00f3 con la presencia de Hern\u00e1n Cort\u00e9s Hern\u00e1ndez, comandante de la Guardia Nacional; Jorge Daniel Jim\u00e9nez Lona, secretario de Gobierno de Guanajuato; J. Guadalupe Torres S\u00e1nchez, secretario de Gobierno de San Luis Potos\u00ed; el general de brigada de Estado Mayor, Vicente P\u00e9rez L\u00f3pez, comandante interino de la 12.\u00aa Regi\u00f3n Militar, y el general de brigada Estado Mayor, Gabriel Mart\u00edn Mart\u00ednez Garc\u00eda, comandante de la 16.\u00aa Zona Militar; entre otras autoridades, quienes reafirmaron su compromiso de trabajar unidos en beneficio de la seguridad y la tranquilidad de la regi\u00f3n.<\/span><\/p>\n<p>&nbsp;<\/p>\n<p>&nbsp;<\/p>\n","protected":false},"excerpt":{"rendered":"<p>#informativoelvalledeaguascalientes #novaradioaguascalientes #informativoelvalledeaguascalientesll #Aguascalientes &nbsp; Gerardo Serna Melchor asumi\u00f3 el cargo de coordinador territorial de la Regi\u00f3n Centro Norte de la Guardia Nacional Incluye los estados de Aguascalientes, Durango, Guanajuato, San Luis Potos\u00ed y Zacatecas \u00a0 El secretario de Seguridad P\u00fablica del Estado de Aguascalientes, Antonio Mart\u00ednez Romo, particip\u00f3 en la Ceremonia de Toma de [&hellip;]<\/p>\n","protected":false},"author":1,"featured_media":67633,"comment_status":"closed","ping_status":"open","sticky":false,"template":"","format":"standard","meta":{"advanced_seo_description":"","jetpack_seo_html_title":"","jetpack_seo_noindex":false,"_jetpack_memberships_contains_paid_content":false,"footnotes":"","jetpack_publicize_message":"","jetpack_publicize_feature_enabled":true,"jetpack_social_post_already_shared":true,"jetpack_social_options":{"image_generator_settings":{"template":"highway","default_image_id":0,"font":"","enabled":false},"version":2}},"categories":[21,4],"tags":[22,615,122],"class_list":["post-67632","post","type-post","status-publish","format-standard","has-post-thumbnail","hentry","category-aguascalientes","category-gobierno-del-estado-aguascalientes","tag-aguascalientes","tag-gobierno-del-estado-de-aguascalientes","tag-sspe-aguascalientes"],"jetpack_publicize_connections":[],"jetpack_featured_media_url":"https:\/\/i0.wp.com\/informativoelvalledeaguascalientes.online\/wp-content\/uploads\/2025\/04\/7c479e94-2eab-4a06-a612-8309e6a0667d.jpg?fit=1102%2C524&ssl=1","jetpack-related-posts":[],"jetpack_sharing_enabled":true,"jetpack_likes_enabled":true,"_links":{"self":[{"href":"https:\/\/informativoelvalledeaguascalientes.online\/index.php?rest_route=\/wp\/v2\/posts\/67632","targetHints":{"allow":["GET"]}}],"collection":[{"href":"https:\/\/informativoelvalledeaguascalientes.online\/index.php?rest_route=\/wp\/v2\/posts"}],"about":[{"href":"https:\/\/informativoelvalledeaguascalientes.online\/index.php?rest_route=\/wp\/v2\/types\/post"}],"author":[{"embeddable":true,"href":"https:\/\/informativoelvalledeaguascalientes.online\/index.php?rest_route=\/wp\/v2\/users\/1"}],"replies":[{"embeddable":true,"href":"https:\/\/informativoelvalledeaguascalientes.online\/index.php?rest_route=%2Fwp%2Fv2%2Fcomments&post=67632"}],"version-history":[{"count":1,"href":"https:\/\/informativoelvalledeaguascalientes.online\/index.php?rest_route=\/wp\/v2\/posts\/67632\/revisions"}],"predecessor-version":[{"id":67634,"href":"https:\/\/informativoelvalledeaguascalientes.online\/index.php?rest_route=\/wp\/v2\/posts\/67632\/revisions\/67634"}],"wp:featuredmedia":[{"embeddable":true,"href":"https:\/\/informativoelvalledeaguascalientes.online\/index.php?rest_route=\/wp\/v2\/media\/67633"}],"wp:attachment":[{"href":"https:\/\/informativoelvalledeaguascalientes.online\/index.php?rest_route=%2Fwp%2Fv2%2Fmedia&parent=67632"}],"wp:term":[{"taxonomy":"category","embeddable":true,"href":"https:\/\/informativoelvalledeaguascalientes.online\/index.php?rest_route=%2Fwp%2Fv2%2Fcategories&post=67632"},{"taxonomy":"post_tag","embeddable":true,"href":"https:\/\/informativoelvalledeaguascalientes.online\/index.php?rest_route=%2Fwp%2Fv2%2Ftags&post=67632"}],"curies":[{"name":"wp","href":"https:\/\/api.w.org\/{rel}","templated":true}]}}