{"id":67629,"date":"2025-04-04T17:07:58","date_gmt":"2025-04-04T23:07:58","guid":{"rendered":"https:\/\/informativoelvalledeaguascalientes.online\/?p=67629"},"modified":"2025-04-04T17:07:58","modified_gmt":"2025-04-04T23:07:58","slug":"en-el-instituto-tecnologico-de-aguascalientes-se-inaugura-laboratorio-de-semiconductores-unico-en-mexico","status":"publish","type":"post","link":"https:\/\/informativoelvalledeaguascalientes.online\/?p=67629","title":{"rendered":"EN EL INSTITUTO TECNOL\u00d3GICO DE AGUASCALIENTES, SE INAUGURA LABORATORIO DE SEMICONDUCTORES, \u00daNICO EN M\u00c9XICO"},"content":{"rendered":"<p>#informativoelvalledeaguascalientes #novaradioaguascalientes #informativoelvalledeaguascalientesll #Aguascalientes<\/p>\n<p>&nbsp;<\/p>\n<p class=\"tm11\"><span class=\"tm12\">\u00a0<\/span><\/p>\n<p class=\"tm14\"><span class=\"tm16\">\uf0b7 <\/span><span class=\"tm15\">El nuevo laboratorio del ITA refuerza la formaci\u00f3n tecnol\u00f3gica de los estudiantes y promueve la vinculaci\u00f3n con la industria tecnol\u00f3gica<\/span><\/p>\n<p class=\"tm14\"><span class=\"tm16\">\uf0b7 <\/span><span class=\"tm15\">Estar\u00e1 dedicado a la investigaci\u00f3n de semiconductores y el dise\u00f1o de circuitos integrados, apoyando la formaci\u00f3n de estudiantes de Ingenier\u00eda Electr\u00f3nica y Semiconductores<\/span><\/p>\n<p class=\"tm18\"><span class=\"tm12\">\u00a0<\/span><\/p>\n<p class=\"tm18\"><span class=\"tm12\">Aguascalientes contin\u00faa destac\u00e1ndose a nivel nacional por su compromiso con el impulso de la educaci\u00f3n superior, con la apertura del Laboratorio de Dise\u00f1o de Semiconductores y Electr\u00f3nica Avanzada en el Tecnol\u00f3gico Nacional de M\u00e9xico, sede Aguascalientes, tambi\u00e9n conocido como Instituto Tecnol\u00f3gico de Aguascalientes (ITA). <\/span><\/p>\n<p class=\"tm18\"><span class=\"tm12\">\u00a0<\/span><\/p>\n<p class=\"tm18\"><span class=\"tm12\">Este espacio, el primero en su tipo en M\u00e9xico en una universidad tecnol\u00f3gica, cuenta con equipamiento de primera generaci\u00f3n, consolidando a la entidad como un referente en la formaci\u00f3n tecnol\u00f3gica.<\/span><\/p>\n<p class=\"tm18\"><span class=\"tm12\">\u00a0<\/span><\/p>\n<p class=\"tm18\"><span class=\"tm12\">Luis Enrique Guti\u00e9rrez Reynoso, director del Instituto de Educaci\u00f3n de Aguascalientes (IEA), en representaci\u00f3n de la gobernadora Tere Jim\u00e9nez, destac\u00f3 el compromiso del Gobierno del Estado con la educaci\u00f3n de calidad y la incorporaci\u00f3n de herramientas tecnol\u00f3gicas de \u00faltima generaci\u00f3n para los j\u00f3venes.<\/span><\/p>\n<p class=\"tm18\"><span class=\"tm12\">\u00a0<\/span><\/p>\n<p class=\"tm18\"><span class=\"tm12\">\u201cLos esfuerzos realizados por la gobernadora Tere Jim\u00e9nez en materia de crecimiento econ\u00f3mico han permitido el acercamiento de 70 empresas vinculadas hacia el tema de las tecnolog\u00edas de la informaci\u00f3n; por ello, el inter\u00e9s que tenemos aqu\u00ed en la entidad de crecer y perfilar a nuestros j\u00f3venes hacia este segmento de la educaci\u00f3n\u201d, subray\u00f3 Guti\u00e9rrez Reynoso.<\/span><\/p>\n<p class=\"tm18\"><span class=\"tm12\">\u00a0<\/span><\/p>\n<p class=\"tm18\"><span class=\"tm12\">Por su parte, el secretario de Educaci\u00f3n P\u00fablica (SEP), Mario Delgado Carrillo, afirm\u00f3 que, con la inauguraci\u00f3n del laboratorio, Aguascalientes da un paso trascendental para el fortalecimiento de la formaci\u00f3n integral de los estudiantes en el \u00e1mbito tecnol\u00f3gico, promoviendo el pensamiento cr\u00edtico, creativo e innovador.<\/span><\/p>\n<p class=\"tm18\"><span class=\"tm12\">\u00a0<\/span><\/p>\n<p class=\"tm18\"><span class=\"tm12\">El Laboratorio de Dise\u00f1o de Semiconductores y Electr\u00f3nica Avanzada del ITA se especializa en la investigaci\u00f3n de materiales semiconductores y el dise\u00f1o de circuitos integrados. Adem\u00e1s, ofrece soporte a los estudiantes de las carreras de Ingenier\u00eda Electr\u00f3nica e Ingenier\u00eda en Semiconductores, especialmente en las asignaturas t\u00e9cnicas y de especialidad.<\/span><\/p>\n<p class=\"tm18\"><span class=\"tm12\">\u00a0<\/span><\/p>\n<p class=\"tm18\"><span class=\"tm12\">El objetivo del laboratorio es el dise\u00f1o de circuitos integrados digitales y anal\u00f3gicos, sistemas embebidos y la caracterizaci\u00f3n de semiconductores. Su prop\u00f3sito es satisfacer las necesidades de desarrollo cient\u00edfico y tecnol\u00f3gico de la academia, la industria y el gobierno.<\/span><\/p>\n<p class=\"tm18\"><span class=\"tm12\">\u00a0<\/span><\/p>\n<p class=\"tm18\"><span class=\"tm12\">El evento cont\u00f3 con la presencia de Ram\u00f3n Jim\u00e9nez L\u00f3pez, director del Instituto Tecnol\u00f3gico Nacional de M\u00e9xico; Jos\u00e9 Luis Gil V\u00e1zquez, director del Tecnol\u00f3gico Nacional, sede Aguascalientes; Luis Armando Gonz\u00e1lez Plasencia, director general de la Asociaci\u00f3n Nacional de Universidades e Instituciones de Educaci\u00f3n Superior (ANUIES); as\u00ed como rectores y directores de las principales instituciones de educaci\u00f3n superior del estado.<\/span><\/p>\n<p class=\"Normal\">\n","protected":false},"excerpt":{"rendered":"<p>#informativoelvalledeaguascalientes #novaradioaguascalientes #informativoelvalledeaguascalientesll #Aguascalientes &nbsp; \u00a0 \uf0b7 El nuevo laboratorio del ITA refuerza la formaci\u00f3n tecnol\u00f3gica de los estudiantes y promueve la vinculaci\u00f3n con la industria tecnol\u00f3gica \uf0b7 Estar\u00e1 dedicado a la investigaci\u00f3n de semiconductores y el dise\u00f1o de circuitos integrados, apoyando la formaci\u00f3n de estudiantes de Ingenier\u00eda Electr\u00f3nica y Semiconductores \u00a0 Aguascalientes contin\u00faa destac\u00e1ndose [&hellip;]<\/p>\n","protected":false},"author":1,"featured_media":67630,"comment_status":"closed","ping_status":"open","sticky":false,"template":"","format":"standard","meta":{"advanced_seo_description":"","jetpack_seo_html_title":"","jetpack_seo_noindex":false,"_jetpack_memberships_contains_paid_content":false,"footnotes":"","jetpack_publicize_message":"","jetpack_publicize_feature_enabled":true,"jetpack_social_post_already_shared":true,"jetpack_social_options":{"image_generator_settings":{"template":"highway","default_image_id":0,"font":"","enabled":false},"version":2}},"categories":[21,4],"tags":[22,615,39,517],"class_list":["post-67629","post","type-post","status-publish","format-standard","has-post-thumbnail","hentry","category-aguascalientes","category-gobierno-del-estado-aguascalientes","tag-aguascalientes","tag-gobierno-del-estado-de-aguascalientes","tag-iea","tag-ita"],"jetpack_publicize_connections":[],"jetpack_featured_media_url":"https:\/\/i0.wp.com\/informativoelvalledeaguascalientes.online\/wp-content\/uploads\/2025\/04\/75e7b1b5-5cd7-4b62-bed8-338498ce45d7.jpg?fit=1600%2C1066&ssl=1","jetpack-related-posts":[],"jetpack_sharing_enabled":true,"jetpack_likes_enabled":true,"_links":{"self":[{"href":"https:\/\/informativoelvalledeaguascalientes.online\/index.php?rest_route=\/wp\/v2\/posts\/67629","targetHints":{"allow":["GET"]}}],"collection":[{"href":"https:\/\/informativoelvalledeaguascalientes.online\/index.php?rest_route=\/wp\/v2\/posts"}],"about":[{"href":"https:\/\/informativoelvalledeaguascalientes.online\/index.php?rest_route=\/wp\/v2\/types\/post"}],"author":[{"embeddable":true,"href":"https:\/\/informativoelvalledeaguascalientes.online\/index.php?rest_route=\/wp\/v2\/users\/1"}],"replies":[{"embeddable":true,"href":"https:\/\/informativoelvalledeaguascalientes.online\/index.php?rest_route=%2Fwp%2Fv2%2Fcomments&post=67629"}],"version-history":[{"count":1,"href":"https:\/\/informativoelvalledeaguascalientes.online\/index.php?rest_route=\/wp\/v2\/posts\/67629\/revisions"}],"predecessor-version":[{"id":67631,"href":"https:\/\/informativoelvalledeaguascalientes.online\/index.php?rest_route=\/wp\/v2\/posts\/67629\/revisions\/67631"}],"wp:featuredmedia":[{"embeddable":true,"href":"https:\/\/informativoelvalledeaguascalientes.online\/index.php?rest_route=\/wp\/v2\/media\/67630"}],"wp:attachment":[{"href":"https:\/\/informativoelvalledeaguascalientes.online\/index.php?rest_route=%2Fwp%2Fv2%2Fmedia&parent=67629"}],"wp:term":[{"taxonomy":"category","embeddable":true,"href":"https:\/\/informativoelvalledeaguascalientes.online\/index.php?rest_route=%2Fwp%2Fv2%2Fcategories&post=67629"},{"taxonomy":"post_tag","embeddable":true,"href":"https:\/\/informativoelvalledeaguascalientes.online\/index.php?rest_route=%2Fwp%2Fv2%2Ftags&post=67629"}],"curies":[{"name":"wp","href":"https:\/\/api.w.org\/{rel}","templated":true}]}}