{"id":67620,"date":"2025-04-04T16:57:43","date_gmt":"2025-04-04T22:57:43","guid":{"rendered":"https:\/\/informativoelvalledeaguascalientes.online\/?p=67620"},"modified":"2025-04-04T16:57:43","modified_gmt":"2025-04-04T22:57:43","slug":"convocan-a-instituciones-de-educacion-superior-a-participar-en-democratlon","status":"publish","type":"post","link":"https:\/\/informativoelvalledeaguascalientes.online\/?p=67620","title":{"rendered":"Convocan a instituciones de educaci\u00f3n superior a participar en \u201cDemocratl\u00f3n\u201d"},"content":{"rendered":"<p>#informativoelvalledeaguascalientes #novaradioaguascalientes #informativoelvalledeaguascalientesll #Aguascalientes<\/p>\n<p class=\"tm8\">\n<p class=\"tm8\"><span class=\"tm10\">\u00a0<\/span><\/p>\n<p class=\"tm8\"><span class=\"tm10\">El registro ser\u00e1 del 04 al 16 de abril a trav\u00e9s del Whatsapp 449-192-10-28.<\/span><\/p>\n<p class=\"tm12\"><span class=\"tm10\">\u00a0<\/span><\/p>\n<p class=\"tm12\"><span class=\"tm10\">En rueda de prensa, el Instituto Estatal Electoral de Aguascalientes (IEE), el Instituto del Deporte del Estado de Aguascalientes (IDEA) y la Escuela Normal de Rinc\u00f3n de Romos \u201cDr. Rafael Francisco Aguilar Lomel\u00ed\u201d, presentaron la convocatoria para participar en la 2\u00aa edici\u00f3n del \u201cDemocratl\u00f3n\u201d, dirigida a instituciones de educaci\u00f3n superior de la entidad, y que tiene como objetivo promover la activaci\u00f3n f\u00edsica, los valores y principios democr\u00e1ticos entre estudiantes de educaci\u00f3n superior en la entidad para fomentar su participaci\u00f3n en los asuntos p\u00fablicos del pa\u00eds.<\/span><\/p>\n<p class=\"tm12\"><span class=\"tm10\">\u00a0<\/span><\/p>\n<p class=\"tm12\"><span class=\"tm10\">El evento se llevar\u00e1 a cabo el jueves 08 de mayo de 2025 a partir de las 08:00 a.m., en las instalaciones de la pista de atletismo de Ciudad Deportiva del IDEA.<\/span><\/p>\n<p class=\"tm12\"><span class=\"tm10\">\u00a0<\/span><\/p>\n<p class=\"tm12\"><span class=\"tm10\">Encabezaron el pres\u00eddium la Consejera Electoral y Presidenta de la Comisi\u00f3n Permanente de Participaci\u00f3n Ciudadana del IEE, Zayra Fabiola Loera Sandoval; el Director de Instalaciones Deportivas del IDEA, Jos\u00e9 Luis Alf\u00e9rez; y el Director de la Escuela Normal de Rinc\u00f3n de Romos \u201cDr. Rafael Francisco Aguilar Lomel\u00ed\u201d, Omar Guerra Monroy. <\/span><\/p>\n<p class=\"tm12\"><span class=\"tm10\">\u00a0<\/span><\/p>\n<p class=\"tm12\"><span class=\"tm10\">Se contempla la participaci\u00f3n de hasta 16 instituciones educativas p\u00fablicas y privadas, con un equipo cada una, integrado por 10 estudiantes (conforme a la paridad de g\u00e9nero, seg\u00fan las caracter\u00edsticas de cada instituci\u00f3n), quienes tendr\u00e1n la libertad para hacer la asignaci\u00f3n de participantes en cada disciplina. <\/span><\/p>\n<p class=\"tm12\"><span class=\"tm10\">\u00a0<\/span><\/p>\n<p class=\"tm12\"><span class=\"tm10\">El <\/span><strong><span class=\"tm9\">registro<\/span><\/strong><span class=\"tm10\"> de los equipos se realizar\u00e1 <\/span><strong><span class=\"tm9\">del 04 al 16 de abril<\/span><\/strong><span class=\"tm10\"> a trav\u00e9s del n\u00famero de Whatsapp: 449-192-10-28. Se deber\u00e1 inscribir a las juventudes participantes, adem\u00e1s de designar a una persona docente, quien ser\u00e1 responsable de la coordinaci\u00f3n del equipo.<\/span><\/p>\n<p class=\"tm12\"><span class=\"tm10\">\u00a0<\/span><\/p>\n<p class=\"tm12\"><span class=\"tm10\">Las bases de la convocatoria pueden ser consultadas en la direcci\u00f3n: <\/span><u><a href=\"https:\/\/ieeags.mx\/media\/carousel\/democratlon  2025\/CONVOCATORIA_DEMOCRATLON_2025.pdf\"><span class=\"tm10\">https:\/\/ieeags.mx\/media\/carousel\/democratlon%20%202025\/CONVOCATORIA_DEMOCRATLON_2025.pdf<\/span><\/a><\/u><\/p>\n<p class=\"tm12\"><span class=\"tm10\">\u00a0<\/span><\/p>\n<p class=\"tm12\"><span class=\"tm10\">En las actividades, las instituciones podr\u00e1n acudir acompa\u00f1ados por porra y con la botarga de la instituci\u00f3n educativa.<\/span><\/p>\n<p class=\"tm12\"><span class=\"tm10\">\u00a0<\/span><\/p>\n<p class=\"tm12\"><span class=\"tm10\">El Jurado Calificador estar\u00e1 conformado por alumnado de la Escuela Normal de Rinc\u00f3n de Romos y ser\u00e1 el encargado de verificar el desarrollo de las actividades y evaluar el desempe\u00f1o de cada equipo.<\/span><\/p>\n<p class=\"tm12\"><span class=\"tm10\">\u00a0<\/span><\/p>\n<p class=\"tm12\"><span class=\"tm10\">Asimismo, se contar\u00e1 con un Jurado de Apelaci\u00f3n, integrado por personal designado por el Comit\u00e9 Organizador, quienes llevar\u00e1n el conteo de puntos y resolver\u00e1n las inconformidades que se pudieran suscitar respecto a la sumatoria. Sus fallos ser\u00e1n inapelables. <\/span><\/p>\n<p class=\"tm12\"><span class=\"tm10\">\u00a0<\/span><\/p>\n<p class=\"tm12\"><span class=\"tm10\">Todas las personas que participen en el evento recibir\u00e1n un reconocimiento, adem\u00e1s de entregarse premios en efectivo para los equipos que ocupen los tres primeros lugares: <\/span><\/p>\n<p class=\"tm12\"><span class=\"tm10\">\u00a0<\/span><\/p>\n<p class=\"tm14\"><span class=\"tm10\">&#8211; <\/span><strong><span class=\"tm9\">Primer lugar: <\/span><\/strong><span class=\"tm10\">$10,000.00 pesos<\/span><\/p>\n<p class=\"tm14\"><span class=\"tm10\">&#8211; <\/span><strong><span class=\"tm9\">Segundo lugar:<\/span><\/strong><span class=\"tm10\"> $7,000.00 pesos<\/span><\/p>\n<p class=\"tm14\"><span class=\"tm10\">&#8211; <\/span><strong><span class=\"tm9\">Tercer lugar:<\/span><\/strong><span class=\"tm10\"> $3,500.00 pesos<\/span><\/p>\n<p class=\"tm12\"><span class=\"tm10\">\u00a0<\/span><\/p>\n<p class=\"tm12\"><span class=\"tm10\">En la primera edici\u00f3n, realizada en el marco del Proceso Electoral Concurrente 2023-2024, participaron m\u00e1s de 60 j\u00f3venes estudiantes de 11 instituciones de educaci\u00f3n superior, quienes demostraron sus habilidades y talento en la activaci\u00f3n f\u00edsica y sus conocimientos pol\u00edtico-electorales para guiar a sus equipos hacia la victoria en la competici\u00f3n.<\/span><span class=\"tm16\">\u25cf<\/span><\/p>\n<p class=\"Normal\">\n","protected":false},"excerpt":{"rendered":"<p>#informativoelvalledeaguascalientes #novaradioaguascalientes #informativoelvalledeaguascalientesll #Aguascalientes \u00a0 El registro ser\u00e1 del 04 al 16 de abril a trav\u00e9s del Whatsapp 449-192-10-28. \u00a0 En rueda de prensa, el Instituto Estatal Electoral de Aguascalientes (IEE), el Instituto del Deporte del Estado de Aguascalientes (IDEA) y la Escuela Normal de Rinc\u00f3n de Romos \u201cDr. Rafael Francisco Aguilar Lomel\u00ed\u201d, presentaron la [&hellip;]<\/p>\n","protected":false},"author":1,"featured_media":67621,"comment_status":"closed","ping_status":"open","sticky":false,"template":"","format":"standard","meta":{"advanced_seo_description":"","jetpack_seo_html_title":"","jetpack_seo_noindex":false,"_jetpack_memberships_contains_paid_content":false,"footnotes":"","jetpack_publicize_message":"","jetpack_publicize_feature_enabled":true,"jetpack_social_post_already_shared":true,"jetpack_social_options":{"image_generator_settings":{"template":"highway","default_image_id":0,"font":"","enabled":false},"version":2}},"categories":[21,4],"tags":[22,615,113],"class_list":["post-67620","post","type-post","status-publish","format-standard","has-post-thumbnail","hentry","category-aguascalientes","category-gobierno-del-estado-aguascalientes","tag-aguascalientes","tag-gobierno-del-estado-de-aguascalientes","tag-idea"],"jetpack_publicize_connections":[],"jetpack_featured_media_url":"https:\/\/i0.wp.com\/informativoelvalledeaguascalientes.online\/wp-content\/uploads\/2025\/04\/29379994-b227-4141-ad4c-b24aef792b20.jpg?fit=1600%2C1066&ssl=1","jetpack-related-posts":[],"jetpack_sharing_enabled":true,"jetpack_likes_enabled":true,"_links":{"self":[{"href":"https:\/\/informativoelvalledeaguascalientes.online\/index.php?rest_route=\/wp\/v2\/posts\/67620","targetHints":{"allow":["GET"]}}],"collection":[{"href":"https:\/\/informativoelvalledeaguascalientes.online\/index.php?rest_route=\/wp\/v2\/posts"}],"about":[{"href":"https:\/\/informativoelvalledeaguascalientes.online\/index.php?rest_route=\/wp\/v2\/types\/post"}],"author":[{"embeddable":true,"href":"https:\/\/informativoelvalledeaguascalientes.online\/index.php?rest_route=\/wp\/v2\/users\/1"}],"replies":[{"embeddable":true,"href":"https:\/\/informativoelvalledeaguascalientes.online\/index.php?rest_route=%2Fwp%2Fv2%2Fcomments&post=67620"}],"version-history":[{"count":1,"href":"https:\/\/informativoelvalledeaguascalientes.online\/index.php?rest_route=\/wp\/v2\/posts\/67620\/revisions"}],"predecessor-version":[{"id":67622,"href":"https:\/\/informativoelvalledeaguascalientes.online\/index.php?rest_route=\/wp\/v2\/posts\/67620\/revisions\/67622"}],"wp:featuredmedia":[{"embeddable":true,"href":"https:\/\/informativoelvalledeaguascalientes.online\/index.php?rest_route=\/wp\/v2\/media\/67621"}],"wp:attachment":[{"href":"https:\/\/informativoelvalledeaguascalientes.online\/index.php?rest_route=%2Fwp%2Fv2%2Fmedia&parent=67620"}],"wp:term":[{"taxonomy":"category","embeddable":true,"href":"https:\/\/informativoelvalledeaguascalientes.online\/index.php?rest_route=%2Fwp%2Fv2%2Fcategories&post=67620"},{"taxonomy":"post_tag","embeddable":true,"href":"https:\/\/informativoelvalledeaguascalientes.online\/index.php?rest_route=%2Fwp%2Fv2%2Ftags&post=67620"}],"curies":[{"name":"wp","href":"https:\/\/api.w.org\/{rel}","templated":true}]}}