{"id":67602,"date":"2025-04-03T23:02:01","date_gmt":"2025-04-04T05:02:01","guid":{"rendered":"https:\/\/informativoelvalledeaguascalientes.online\/?p=67602"},"modified":"2025-04-03T23:02:01","modified_gmt":"2025-04-04T05:02:01","slug":"presentan-iniciativa-en-congreso-de-aguascalientes-que-tipifica-penalmente-la-apologia-del-delito","status":"publish","type":"post","link":"https:\/\/informativoelvalledeaguascalientes.online\/?p=67602","title":{"rendered":"PRESENTAN INICIATIVA EN CONGRESO DE AGUASCALIENTES QUE TIPIFICA PENALMENTE LA APOLOG\u00cdA DEL DELITO"},"content":{"rendered":"<p>#informativoelvalledeaguascalientes #novaradioaguascalientes #informativoelvalledeaguascalientesll #Aguascalientes<\/p>\n<p>&nbsp;<\/p>\n<p class=\"tm10\">\n<p class=\"tm13\"><span class=\"tm11\">En el marco de la pr\u00f3xima Feria Nacional de San Marcos, el grupo parlamentario mayoritario del Congreso del Estado de Aguascalientes, conformado por la Alianza PAN, PRI y PRD, present\u00f3 una importante iniciativa de reforma al C\u00f3digo Penal del Estado, cuyo objetivo es tipificar penalmente la apolog\u00eda del delito en espect\u00e1culos p\u00fablicos y otros medios de difusi\u00f3n. <\/span><\/p>\n<p class=\"tm13\"><span class=\"tm11\">La iniciativa, impulsada por las y los legisladores de estas fuerzas pol\u00edticas, responde a la creciente preocupaci\u00f3n de la sociedad sobre la normalizaci\u00f3n de la violencia y la delincuencia en ciertos contenidos p\u00fablicos, particularmente en el \u00e1mbito musical y art\u00edstico. <\/span><\/p>\n<p class=\"tm13\"><span class=\"tm11\">Con la creaci\u00f3n del art\u00edculo 178 E del C\u00f3digo Penal Estatal, este delito se segu<a id=\"aGoBack\"><\/a>ir\u00e1 de oficio, buscando sancionar la provocaci\u00f3n a cometer un delito o la apolog\u00eda del mismo, especialmente en eventos abiertos al p\u00fablico que exalten el narcotr\u00e1fico, el uso de armas, la violencia contra la autoridad o la delincuencia organizada. Esta medida abarca expresiones art\u00edsticas, musicales y cualquier otro medio de difusi\u00f3n, incluyendo plataformas digitales y redes sociales.<\/span><\/p>\n<p class=\"tm13\"><span class=\"tm11\">De aprobarse esta reforma, las personas que incurran en la difusi\u00f3n de estos mensajes podr\u00e1n enfrentar penas de 6 meses a 1 a\u00f1o de prisi\u00f3n, as\u00ed como multas de 500 a 1,000 d\u00edas de salario. Adem\u00e1s, si los mensajes van dirigidos a menores de edad, se difunden en entornos educativos, culturales o recreativos, o promueven la organizaci\u00f3n de grupos delictivos, las sanciones podr\u00e1n incrementarse hasta en una mitad.<\/span><\/p>\n<p class=\"tm13\"><span class=\"tm11\">Un aspecto clave de la iniciativa es que el delito se perseguir\u00e1 de oficio, es decir, no ser\u00e1 necesario que una persona interponga una denuncia o querella para que las autoridades inicien una investigaci\u00f3n y procedan conforme a la ley. Sin embargo, se establece una excepci\u00f3n en aquellos casos donde el contenido tenga fines informativos, period\u00edsticos, cr\u00edticos, educativos, culturales o de denuncia social, con el fin de garantizar el ejercicio responsable de la libertad de expresi\u00f3n.<\/span><\/p>\n<p class=\"tm13\"><span class=\"tm11\">Las y los diputados impulsores de esta reforma han destacado que su iniciativa se fundamenta en un marco jur\u00eddico s\u00f3lido, basado en principios nacionales e internacionales. Entre ellos, el art\u00edculo 6\u00b0 de la Constituci\u00f3n Mexicana, que garantiza la libertad de expresi\u00f3n con l\u00edmites definidos por la ley; la Convenci\u00f3n Americana sobre Derechos Humanos, que permite restricciones cuando estas son necesarias y proporcionadas; y la Convenci\u00f3n sobre los Derechos del Ni\u00f1o, que obliga a los Estados a proteger a menores de edad de contenidos que puedan ser perjudiciales para su desarrollo.<\/span><\/p>\n<p class=\"tm13\"><span class=\"tm11\">El grupo parlamentario mayoritario del Congreso de Aguascalientes reafirma su compromiso con la seguridad y el bienestar de la ciudadan\u00eda, promoviendo leyes que contribuyan a la construcci\u00f3n de un entorno m\u00e1s seguro y sano para todas y todos. Esta iniciativa es un paso firme en la lucha contra la glorificaci\u00f3n del delito y el fortalecimiento del tejido social, buscando especialmente proteger a la ni\u00f1ez y juventud de contenidos que normalicen o promuevan la violencia y la delincuencia organizada.<\/span><\/p>\n","protected":false},"excerpt":{"rendered":"<p>#informativoelvalledeaguascalientes #novaradioaguascalientes #informativoelvalledeaguascalientesll #Aguascalientes &nbsp; En el marco de la pr\u00f3xima Feria Nacional de San Marcos, el grupo parlamentario mayoritario del Congreso del Estado de Aguascalientes, conformado por la Alianza PAN, PRI y PRD, present\u00f3 una importante iniciativa de reforma al C\u00f3digo Penal del Estado, cuyo objetivo es tipificar penalmente la apolog\u00eda del delito en [&hellip;]<\/p>\n","protected":false},"author":1,"featured_media":67603,"comment_status":"closed","ping_status":"open","sticky":false,"template":"","format":"standard","meta":{"advanced_seo_description":"","jetpack_seo_html_title":"","jetpack_seo_noindex":false,"_jetpack_memberships_contains_paid_content":false,"footnotes":"","jetpack_publicize_message":"","jetpack_publicize_feature_enabled":true,"jetpack_social_post_already_shared":true,"jetpack_social_options":{"image_generator_settings":{"template":"highway","default_image_id":0,"font":"","enabled":false},"version":2}},"categories":[21,5],"tags":[22,872],"class_list":["post-67602","post","type-post","status-publish","format-standard","has-post-thumbnail","hentry","category-aguascalientes","category-h-congreso-del-estado-aguascalientes","tag-aguascalientes","tag-lxvi-legislatura-aguascalientes"],"jetpack_publicize_connections":[],"jetpack_featured_media_url":"https:\/\/i0.wp.com\/informativoelvalledeaguascalientes.online\/wp-content\/uploads\/2025\/04\/DSC_7659.jpg?fit=899%2C599&ssl=1","jetpack-related-posts":[],"jetpack_sharing_enabled":true,"jetpack_likes_enabled":true,"_links":{"self":[{"href":"https:\/\/informativoelvalledeaguascalientes.online\/index.php?rest_route=\/wp\/v2\/posts\/67602","targetHints":{"allow":["GET"]}}],"collection":[{"href":"https:\/\/informativoelvalledeaguascalientes.online\/index.php?rest_route=\/wp\/v2\/posts"}],"about":[{"href":"https:\/\/informativoelvalledeaguascalientes.online\/index.php?rest_route=\/wp\/v2\/types\/post"}],"author":[{"embeddable":true,"href":"https:\/\/informativoelvalledeaguascalientes.online\/index.php?rest_route=\/wp\/v2\/users\/1"}],"replies":[{"embeddable":true,"href":"https:\/\/informativoelvalledeaguascalientes.online\/index.php?rest_route=%2Fwp%2Fv2%2Fcomments&post=67602"}],"version-history":[{"count":1,"href":"https:\/\/informativoelvalledeaguascalientes.online\/index.php?rest_route=\/wp\/v2\/posts\/67602\/revisions"}],"predecessor-version":[{"id":67604,"href":"https:\/\/informativoelvalledeaguascalientes.online\/index.php?rest_route=\/wp\/v2\/posts\/67602\/revisions\/67604"}],"wp:featuredmedia":[{"embeddable":true,"href":"https:\/\/informativoelvalledeaguascalientes.online\/index.php?rest_route=\/wp\/v2\/media\/67603"}],"wp:attachment":[{"href":"https:\/\/informativoelvalledeaguascalientes.online\/index.php?rest_route=%2Fwp%2Fv2%2Fmedia&parent=67602"}],"wp:term":[{"taxonomy":"category","embeddable":true,"href":"https:\/\/informativoelvalledeaguascalientes.online\/index.php?rest_route=%2Fwp%2Fv2%2Fcategories&post=67602"},{"taxonomy":"post_tag","embeddable":true,"href":"https:\/\/informativoelvalledeaguascalientes.online\/index.php?rest_route=%2Fwp%2Fv2%2Ftags&post=67602"}],"curies":[{"name":"wp","href":"https:\/\/api.w.org\/{rel}","templated":true}]}}