{"id":67599,"date":"2025-04-03T22:56:58","date_gmt":"2025-04-04T04:56:58","guid":{"rendered":"https:\/\/informativoelvalledeaguascalientes.online\/?p=67599"},"modified":"2025-04-03T22:56:58","modified_gmt":"2025-04-04T04:56:58","slug":"tere-jimenez-desarrolla-intensa-gira-de-promocion-economica-por-europa","status":"publish","type":"post","link":"https:\/\/informativoelvalledeaguascalientes.online\/?p=67599","title":{"rendered":"TERE JIM\u00c9NEZ DESARROLLA INTENSA GIRA DE PROMOCI\u00d3N ECON\u00d3MICA POR EUROPA"},"content":{"rendered":"<p>#informativoelvalledeaguascalientes #novaradioaguascalientes #informativoelvalledeaguascalientesll #Aguascalientes<\/p>\n<p>&nbsp;<\/p>\n<p>&nbsp;<\/p>\n<p>* Su agenda contempla una serie de actividades en Alemania e Italia, la mayor\u00eda de ellas enfocadas a la atracci\u00f3n de nuevas inversiones al estado<br \/>\n* La gobernadora asisti\u00f3 a la inauguraci\u00f3n de la Hannover Messe 2025, que es la feria industrial m\u00e1s grande del mundo y donde Aguascalientes est\u00e1 presente<br \/>\n* Tambi\u00e9n se reuni\u00f3 con directivos de las empresas Bosch, Mercedes Benz y Mahle<\/p>\n<p>La gobernadora de Aguascalientes, Tere Jim\u00e9nez, desarrolla una intensa gira de promoci\u00f3n econ\u00f3mica por Europa que contempla una serie de actividades en Alemania e Italia, especialmente enfocadas a la atracci\u00f3n de nuevas inversiones al estado.<\/p>\n<p>Tere Jim\u00e9nez inici\u00f3 su itinerario en Hannover, Alemania, donde asisti\u00f3 a la inauguraci\u00f3n del pabell\u00f3n de M\u00e9xico en la Hannover Messe 2025, que es la feria industrial m\u00e1s grande del mundo y donde Aguascalientes est\u00e1 presente con un espacio donde se exponen las principales ventajas competitivas que ofrece esta entidad a los inversionistas extranjeros.<\/p>\n<p>\u201cM\u00e9xico y Aguascalientes est\u00e1n preparados para competir con el mundo en temas de innovaci\u00f3n, tecnolog\u00eda y desarrollo industrial. La feria de Hannover es un escaparate mundial para atraer nuevas inversiones y diversificar los mercados en nuestro estado y nuestro pa\u00eds\u201d, sostuvo.<\/p>\n<p>Ah\u00ed mismo, en el estand de Bosch, la gobernadora se reuni\u00f3 con directivos de esta empresa alemana, l\u00edder a nivel mundial y con presencia en Aguascalientes, quienes le presentaron nuevos proyectos tecnol\u00f3gicos que ya desarrollan en algunas de sus plantas para impulsar las energ\u00edas renovables con el uso de hidr\u00f3geno verde.<\/p>\n<p>En el marco de la Hannover Messe 2025, Tere Jim\u00e9nez tambi\u00e9n firm\u00f3 un acuerdo de colaboraci\u00f3n con la Deutsche Messe AG y la Industria Nacional de Autopartes para que Aguascalientes sea sede del primer foro America\u2019s Mobility of the Future, que se llevar\u00e1 a cabo en septiembre de este a\u00f1o.<\/p>\n<p>\u201cCon la llegada de estos foros, Aguascalientes se convierte en un polo de innovaci\u00f3n y desarrollo industrial de gran importancia para el pa\u00eds\u201d, subray\u00f3.<\/p>\n<p>Posteriormente, en esta misma ciudad germana, la gobernadora de Aguascalientes sostuvo una reuni\u00f3n de trabajo con J\u00f6rg Burzer, miembro del Consejo Administrativo de la empresa Mercedes-Benz, a quien present\u00f3 los proyectos estrat\u00e9gicos que se impulsan en Aguascalientes con miras a generar las condiciones necesarias para que los inversionistas puedan consolidar sus negocios en la entidad.<\/p>\n<p>Tambi\u00e9n tuvo un encuentro con Mar\u00eda del Pilar Escobar Bautista, consejera y jefa de Canciller\u00eda de la Embajada de M\u00e9xico en Alemania, con quien acord\u00f3 fortalecer las relaciones comerciales, culturales y de hermanamiento entre Aguascalientes y Alemania.<\/p>\n<p>Al continuar con su agenda de trabajo, Tere Jim\u00e9nez se traslad\u00f3 a la ciudad de Stuttgart, Alemania, donde tuvo la oportunidad de dialogar con Carmen Cecilia Villanueva Bracho, c\u00f3nsul de M\u00e9xico en Frankfurt, a quien le present\u00f3 las ventajas competitivas que ofrece Aguascalientes a nivel internacional, no solo en materia econ\u00f3mica y comercial, sino tambi\u00e9n en otros sectores.<\/p>\n<p>Como cierre de su gira por Alemania, Tere Jim\u00e9nez visit\u00f3 las oficinas de la empresa Mahle, donde fue recibida por directivos de la compa\u00f1\u00eda, con quienes revis\u00f3 algunos proyectos enfocados al impulso del Modelo de Educaci\u00f3n Dual y al desarrollo de nuevas tecnolog\u00edas; esta empresa alemana se dedica a la fabricaci\u00f3n de autopartes y opera una de sus plantas en Aguascalientes.<\/p>\n<p>Enseguida, la gobernadora se traslad\u00f3 hacia Italia, donde continuar\u00e1 con su agenda de trabajo en los siguientes d\u00edas; la acompa\u00f1an el titular de la Secretar\u00eda de Desarrollo Econ\u00f3mico, Ciencia y Tecnolog\u00eda (Sedecyt), Esa\u00fa Garza de Vega, y Guillermo Reed Frausto, director general de Atracci\u00f3n de Inversiones de la Sedecyt.<\/p>\n","protected":false},"excerpt":{"rendered":"<p>#informativoelvalledeaguascalientes #novaradioaguascalientes #informativoelvalledeaguascalientesll #Aguascalientes &nbsp; &nbsp; * Su agenda contempla una serie de actividades en Alemania e Italia, la mayor\u00eda de ellas enfocadas a la atracci\u00f3n de nuevas inversiones al estado * La gobernadora asisti\u00f3 a la inauguraci\u00f3n de la Hannover Messe 2025, que es la feria industrial m\u00e1s grande del mundo y donde Aguascalientes [&hellip;]<\/p>\n","protected":false},"author":1,"featured_media":67600,"comment_status":"closed","ping_status":"open","sticky":false,"template":"","format":"standard","meta":{"advanced_seo_description":"","jetpack_seo_html_title":"","jetpack_seo_noindex":false,"_jetpack_memberships_contains_paid_content":false,"footnotes":"","jetpack_publicize_message":"","jetpack_publicize_feature_enabled":true,"jetpack_social_post_already_shared":true,"jetpack_social_options":{"image_generator_settings":{"template":"highway","default_image_id":0,"font":"","enabled":false},"version":2}},"categories":[21,4],"tags":[22,615,610,320],"class_list":["post-67599","post","type-post","status-publish","format-standard","has-post-thumbnail","hentry","category-aguascalientes","category-gobierno-del-estado-aguascalientes","tag-aguascalientes","tag-gobierno-del-estado-de-aguascalientes","tag-sedecyt","tag-tere-jimenez"],"jetpack_publicize_connections":[],"jetpack_featured_media_url":"https:\/\/i0.wp.com\/informativoelvalledeaguascalientes.online\/wp-content\/uploads\/2025\/04\/3f1ba185-f6e0-42ab-8ab8-3730066b9a9a.jpg?fit=1600%2C1200&ssl=1","jetpack-related-posts":[],"jetpack_sharing_enabled":true,"jetpack_likes_enabled":true,"_links":{"self":[{"href":"https:\/\/informativoelvalledeaguascalientes.online\/index.php?rest_route=\/wp\/v2\/posts\/67599","targetHints":{"allow":["GET"]}}],"collection":[{"href":"https:\/\/informativoelvalledeaguascalientes.online\/index.php?rest_route=\/wp\/v2\/posts"}],"about":[{"href":"https:\/\/informativoelvalledeaguascalientes.online\/index.php?rest_route=\/wp\/v2\/types\/post"}],"author":[{"embeddable":true,"href":"https:\/\/informativoelvalledeaguascalientes.online\/index.php?rest_route=\/wp\/v2\/users\/1"}],"replies":[{"embeddable":true,"href":"https:\/\/informativoelvalledeaguascalientes.online\/index.php?rest_route=%2Fwp%2Fv2%2Fcomments&post=67599"}],"version-history":[{"count":1,"href":"https:\/\/informativoelvalledeaguascalientes.online\/index.php?rest_route=\/wp\/v2\/posts\/67599\/revisions"}],"predecessor-version":[{"id":67601,"href":"https:\/\/informativoelvalledeaguascalientes.online\/index.php?rest_route=\/wp\/v2\/posts\/67599\/revisions\/67601"}],"wp:featuredmedia":[{"embeddable":true,"href":"https:\/\/informativoelvalledeaguascalientes.online\/index.php?rest_route=\/wp\/v2\/media\/67600"}],"wp:attachment":[{"href":"https:\/\/informativoelvalledeaguascalientes.online\/index.php?rest_route=%2Fwp%2Fv2%2Fmedia&parent=67599"}],"wp:term":[{"taxonomy":"category","embeddable":true,"href":"https:\/\/informativoelvalledeaguascalientes.online\/index.php?rest_route=%2Fwp%2Fv2%2Fcategories&post=67599"},{"taxonomy":"post_tag","embeddable":true,"href":"https:\/\/informativoelvalledeaguascalientes.online\/index.php?rest_route=%2Fwp%2Fv2%2Ftags&post=67599"}],"curies":[{"name":"wp","href":"https:\/\/api.w.org\/{rel}","templated":true}]}}