{"id":67596,"date":"2025-04-03T22:51:52","date_gmt":"2025-04-04T04:51:52","guid":{"rendered":"https:\/\/informativoelvalledeaguascalientes.online\/?p=67596"},"modified":"2025-04-03T22:51:52","modified_gmt":"2025-04-04T04:51:52","slug":"fumigan-perimetro-ferial-como-parte-de-las-acciones-de-la-campana-para-prevenir-el-dengue","status":"publish","type":"post","link":"https:\/\/informativoelvalledeaguascalientes.online\/?p=67596","title":{"rendered":"FUMIGAN PER\u00cdMETRO FERIAL COMO PARTE DE LAS ACCIONES DE LA CAMPA\u00d1A PARA PREVENIR EL DENGUE"},"content":{"rendered":"<p>#informativoelvalledeaguascalientes #novaradioaguascalientes #informativoelvalledeaguascalientesll #Aguascalientes<\/p>\n<p>&nbsp;<\/p>\n<p>&nbsp;<\/p>\n<p>*Estas actividades forman parte de la campa\u00f1a que la Secretar\u00eda de Salud realiza en todo el estado<br \/>\n*La fumigaci\u00f3n dentro del per\u00edmetro ferial concluye el pr\u00f3ximo 11 de abril y se lleva a cabo de las 4:30 a 7:30 de la ma\u00f1ana<br \/>\n*Se fumigar\u00e1n \u00e1reas como la Isla San Marcos, Plaza Patria, Jard\u00edn de San Marcos, Expo Plaza, Foro del Lago, Plaza de Toros Monumental, entre otras<\/p>\n<p>Como parte de la campa\u00f1a que realiza la Secretar\u00eda de Salud en todo el estado para prevenir el dengue, se realizan acciones de fumigaci\u00f3n en el per\u00edmetro ferial y colonias aleda\u00f1as, previo al inicio de la Feria Nacional de San Marcos 2025.<\/p>\n<p>El objetivo es que los turistas y visitantes disfruten de la verbena abrile\u00f1a en un ambiente libre de la presencia del mosquito transmisor.<\/p>\n<p>Al respecto, el secretario de Salud del Estado, Rub\u00e9n Galaviz Trist\u00e1n, inform\u00f3 que las acciones preventivas contra el dengue concluir\u00e1n el pr\u00f3ximo 11 de abril y se desarrollan entre las 4:30 y 7:30 de la ma\u00f1ana en varios puntos del estado.<\/p>\n<p>Detall\u00f3 que, adem\u00e1s, se fumigar\u00e1n diferentes zonas del \u00e1rea ferial, como la Isla San Marcos, Plaza Patria, Jard\u00edn de San Marcos, Andador J. Pani, Expo Plaza, Foro del Lago, zona de antros, exedra, Plaza de Toros Monumental; as\u00ed como lugares aleda\u00f1os, como la colonia Las Flores y el Barrio de San Marcos.<\/p>\n<p>&#8220;Queremos cuidar la salud de todas y todos; por eso, implementamos estas medidas para prevenir el dengue. Nuestro prop\u00f3sito es garantizar que las familias disfruten de esta verbena abrile\u00f1a en un ambiente limpio y seguro, tal como lo indic\u00f3 la gobernadora Tere Jim\u00e9nez&#8221;, destac\u00f3.<\/p>\n<p>Finalmente, Galaviz Trist\u00e1n abund\u00f3 en que estas acciones se suman a la campa\u00f1a de eliminaci\u00f3n de criaderos del mosquito transmisor del dengue, en la que se invita a la poblaci\u00f3n a lavar, tapar, tirar y voltear todos los recipientes que puedan acumular agua, como cubetas, tinacos, floreros, llantas, botes, entre otras cosas.<\/p>\n","protected":false},"excerpt":{"rendered":"<p>#informativoelvalledeaguascalientes #novaradioaguascalientes #informativoelvalledeaguascalientesll #Aguascalientes &nbsp; &nbsp; *Estas actividades forman parte de la campa\u00f1a que la Secretar\u00eda de Salud realiza en todo el estado *La fumigaci\u00f3n dentro del per\u00edmetro ferial concluye el pr\u00f3ximo 11 de abril y se lleva a cabo de las 4:30 a 7:30 de la ma\u00f1ana *Se fumigar\u00e1n \u00e1reas como la Isla San [&hellip;]<\/p>\n","protected":false},"author":1,"featured_media":67597,"comment_status":"closed","ping_status":"open","sticky":false,"template":"","format":"standard","meta":{"advanced_seo_description":"","jetpack_seo_html_title":"","jetpack_seo_noindex":false,"_jetpack_memberships_contains_paid_content":false,"footnotes":"","jetpack_publicize_message":"","jetpack_publicize_feature_enabled":true,"jetpack_social_post_already_shared":true,"jetpack_social_options":{"image_generator_settings":{"template":"highway","default_image_id":0,"font":"","enabled":false},"version":2}},"categories":[21,4],"tags":[22,615,30],"class_list":["post-67596","post","type-post","status-publish","format-standard","has-post-thumbnail","hentry","category-aguascalientes","category-gobierno-del-estado-aguascalientes","tag-aguascalientes","tag-gobierno-del-estado-de-aguascalientes","tag-issea"],"jetpack_publicize_connections":[],"jetpack_featured_media_url":"https:\/\/i0.wp.com\/informativoelvalledeaguascalientes.online\/wp-content\/uploads\/2025\/04\/860234e1-4c57-455b-84a4-fcda92a48180.jpg?fit=1600%2C959&ssl=1","jetpack-related-posts":[],"jetpack_sharing_enabled":true,"jetpack_likes_enabled":true,"_links":{"self":[{"href":"https:\/\/informativoelvalledeaguascalientes.online\/index.php?rest_route=\/wp\/v2\/posts\/67596","targetHints":{"allow":["GET"]}}],"collection":[{"href":"https:\/\/informativoelvalledeaguascalientes.online\/index.php?rest_route=\/wp\/v2\/posts"}],"about":[{"href":"https:\/\/informativoelvalledeaguascalientes.online\/index.php?rest_route=\/wp\/v2\/types\/post"}],"author":[{"embeddable":true,"href":"https:\/\/informativoelvalledeaguascalientes.online\/index.php?rest_route=\/wp\/v2\/users\/1"}],"replies":[{"embeddable":true,"href":"https:\/\/informativoelvalledeaguascalientes.online\/index.php?rest_route=%2Fwp%2Fv2%2Fcomments&post=67596"}],"version-history":[{"count":1,"href":"https:\/\/informativoelvalledeaguascalientes.online\/index.php?rest_route=\/wp\/v2\/posts\/67596\/revisions"}],"predecessor-version":[{"id":67598,"href":"https:\/\/informativoelvalledeaguascalientes.online\/index.php?rest_route=\/wp\/v2\/posts\/67596\/revisions\/67598"}],"wp:featuredmedia":[{"embeddable":true,"href":"https:\/\/informativoelvalledeaguascalientes.online\/index.php?rest_route=\/wp\/v2\/media\/67597"}],"wp:attachment":[{"href":"https:\/\/informativoelvalledeaguascalientes.online\/index.php?rest_route=%2Fwp%2Fv2%2Fmedia&parent=67596"}],"wp:term":[{"taxonomy":"category","embeddable":true,"href":"https:\/\/informativoelvalledeaguascalientes.online\/index.php?rest_route=%2Fwp%2Fv2%2Fcategories&post=67596"},{"taxonomy":"post_tag","embeddable":true,"href":"https:\/\/informativoelvalledeaguascalientes.online\/index.php?rest_route=%2Fwp%2Fv2%2Ftags&post=67596"}],"curies":[{"name":"wp","href":"https:\/\/api.w.org\/{rel}","templated":true}]}}