{"id":67593,"date":"2025-04-03T22:48:08","date_gmt":"2025-04-04T04:48:08","guid":{"rendered":"https:\/\/informativoelvalledeaguascalientes.online\/?p=67593"},"modified":"2025-04-03T22:48:08","modified_gmt":"2025-04-04T04:48:08","slug":"entrega-cesar-medina-calle-renovada-y-llena-de-color-tras-rehabilitacion","status":"publish","type":"post","link":"https:\/\/informativoelvalledeaguascalientes.online\/?p=67593","title":{"rendered":"ENTREGA C\u00c9SAR MEDINA CALLE RENOVADA Y LLENA DE COLOR TRAS REHABILITACI\u00d3N"},"content":{"rendered":"<p>#informativoelvalledeaguascalientes #novaradioaguascalientes #informativoelvalledeaguascalientesll #Aguascalientes<\/p>\n<p>&nbsp;<\/p>\n<p>&nbsp;<\/p>\n<p>\u2022 Con una inversi\u00f3n de aproximadamente 3.7 millones se mejora la seguridad, accesibilidad y est\u00e9tica de la zona<\/p>\n<p>&nbsp;<\/p>\n<p>Como resultado del trabajo conjunto entre el gobierno municipal, empresas y vecinos de la zona, se llev\u00f3 a cabo la entrega oficial de la rehabilitaci\u00f3n de la calle Santa Rosa de Lima, en la comunidad de Arboledas Paso Blanco.<\/p>\n<p>El presidente municipal de Jes\u00fas Mar\u00eda, C\u00e9sar Medina, destac\u00f3 la importancia de esta obra, que mejora la seguridad, accesibilidad y est\u00e9tica de la zona, beneficiando tanto a los ni\u00f1os del preescolar CK Kids, como a trabajadores de la zona, as\u00ed como vecinos de Arboledas de Paso Blanco y Paseos de Aguascalientes ya que es una v\u00eda alterna importante.<\/p>\n<p>&#8220;Esta obra requiri\u00f3 una inversi\u00f3n de aproximadamente 3 millones 700 mil pesos, agradezco a todos los que hicieron posible este proyecto: a los regidores por aprobar los recursos, a las empresas involucradas, vecinos y a las cuadrillas que realizaron un gran trabajo, llenando las calles de color&#8221;, expres\u00f3 el alcalde.<\/p>\n<p>Por su parte, la maestra Carolina Elizondo, representante del preescolar CK Kids, se\u00f1al\u00f3 que este proyecto surgi\u00f3 en el Consejo T\u00e9cnico Escolar, con el objetivo de generar un impacto positivo en la comunidad y resalt\u00f3 la importancia del trabajo en equipo.<\/p>\n<p>&#8220;Gracias a todos los involucrados, a los integrantes de la Secretar\u00eda de Obras P\u00fablicas y a las cuadrillas que hicieron un gran trabajo. Los ni\u00f1os est\u00e1n muy contentos de ver la calle pavimentada, llena de color y vida&#8221;, afirm\u00f3.<\/p>\n<p>El secretario de Obras P\u00fablicas, Carlos Humberto Rodr\u00edguez Collazo inform\u00f3 que se coloc\u00f3 carpeta asf\u00e1ltica en 2 mil 563 metros cuadrados, se construy\u00f3 la guarnici\u00f3n y banqueta de concreto, asimismo, se limpi\u00f3 el camell\u00f3n, se pint\u00f3 el paso peatonal y se coloc\u00f3 se\u00f1al\u00e9tica vertical, acciones que cambiar\u00e1n y mejorar\u00e1n la vida de los que habitan y transitan en la zona,<\/p>\n<p>Con esta y otras acciones, el gobierno municipal reafirma su compromiso de mejorar la infraestructura urbana y la calidad de vida de los habitantes de Jes\u00fas Mar\u00eda.<\/p>\n","protected":false},"excerpt":{"rendered":"<p>#informativoelvalledeaguascalientes #novaradioaguascalientes #informativoelvalledeaguascalientesll #Aguascalientes &nbsp; &nbsp; \u2022 Con una inversi\u00f3n de aproximadamente 3.7 millones se mejora la seguridad, accesibilidad y est\u00e9tica de la zona &nbsp; Como resultado del trabajo conjunto entre el gobierno municipal, empresas y vecinos de la zona, se llev\u00f3 a cabo la entrega oficial de la rehabilitaci\u00f3n de la calle Santa Rosa [&hellip;]<\/p>\n","protected":false},"author":1,"featured_media":67594,"comment_status":"closed","ping_status":"open","sticky":false,"template":"","format":"standard","meta":{"advanced_seo_description":"","jetpack_seo_html_title":"","jetpack_seo_noindex":false,"_jetpack_memberships_contains_paid_content":false,"footnotes":"","jetpack_publicize_message":"","jetpack_publicize_feature_enabled":true,"jetpack_social_post_already_shared":true,"jetpack_social_options":{"image_generator_settings":{"template":"highway","default_image_id":0,"font":"","enabled":false},"version":2}},"categories":[21,14],"tags":[22,45],"class_list":["post-67593","post","type-post","status-publish","format-standard","has-post-thumbnail","hentry","category-aguascalientes","category-jesus-maria-aguascalientes","tag-aguascalientes","tag-jesus-maria-aguascalientes"],"jetpack_publicize_connections":[],"jetpack_featured_media_url":"https:\/\/i0.wp.com\/informativoelvalledeaguascalientes.online\/wp-content\/uploads\/2025\/04\/aaecfdbd-7566-4811-a773-0f934041323a-scaled.jpg?fit=2560%2C1703&ssl=1","jetpack-related-posts":[],"jetpack_sharing_enabled":true,"jetpack_likes_enabled":true,"_links":{"self":[{"href":"https:\/\/informativoelvalledeaguascalientes.online\/index.php?rest_route=\/wp\/v2\/posts\/67593","targetHints":{"allow":["GET"]}}],"collection":[{"href":"https:\/\/informativoelvalledeaguascalientes.online\/index.php?rest_route=\/wp\/v2\/posts"}],"about":[{"href":"https:\/\/informativoelvalledeaguascalientes.online\/index.php?rest_route=\/wp\/v2\/types\/post"}],"author":[{"embeddable":true,"href":"https:\/\/informativoelvalledeaguascalientes.online\/index.php?rest_route=\/wp\/v2\/users\/1"}],"replies":[{"embeddable":true,"href":"https:\/\/informativoelvalledeaguascalientes.online\/index.php?rest_route=%2Fwp%2Fv2%2Fcomments&post=67593"}],"version-history":[{"count":1,"href":"https:\/\/informativoelvalledeaguascalientes.online\/index.php?rest_route=\/wp\/v2\/posts\/67593\/revisions"}],"predecessor-version":[{"id":67595,"href":"https:\/\/informativoelvalledeaguascalientes.online\/index.php?rest_route=\/wp\/v2\/posts\/67593\/revisions\/67595"}],"wp:featuredmedia":[{"embeddable":true,"href":"https:\/\/informativoelvalledeaguascalientes.online\/index.php?rest_route=\/wp\/v2\/media\/67594"}],"wp:attachment":[{"href":"https:\/\/informativoelvalledeaguascalientes.online\/index.php?rest_route=%2Fwp%2Fv2%2Fmedia&parent=67593"}],"wp:term":[{"taxonomy":"category","embeddable":true,"href":"https:\/\/informativoelvalledeaguascalientes.online\/index.php?rest_route=%2Fwp%2Fv2%2Fcategories&post=67593"},{"taxonomy":"post_tag","embeddable":true,"href":"https:\/\/informativoelvalledeaguascalientes.online\/index.php?rest_route=%2Fwp%2Fv2%2Ftags&post=67593"}],"curies":[{"name":"wp","href":"https:\/\/api.w.org\/{rel}","templated":true}]}}