{"id":67585,"date":"2025-04-03T21:48:41","date_gmt":"2025-04-04T03:48:41","guid":{"rendered":"https:\/\/informativoelvalledeaguascalientes.online\/?p=67585"},"modified":"2025-04-03T21:48:41","modified_gmt":"2025-04-04T03:48:41","slug":"taekwondoines-hidrocalidos-brillan-en-competencia-internacional-y-aseguran-su-lugar-en-eventos-panamericanos","status":"publish","type":"post","link":"https:\/\/informativoelvalledeaguascalientes.online\/?p=67585","title":{"rendered":"TAEKWONDO\u00cdNES HIDROC\u00c1LIDOS BRILLAN EN COMPETENCIA INTERNACIONAL Y ASEGURAN SU LUGAR EN EVENTOS PANAMERICANOS"},"content":{"rendered":"<p>#informativoelvalledeaguascalientes #novaradioaguascalientes #informativoelvalledeaguascalientesll #Aguascalientes<\/p>\n<p>&nbsp;<\/p>\n<p class=\"tm10\"><strong><span class=\"tm8\">\u00a0<\/span><\/strong><\/p>\n<p class=\"tm10\"><span class=\"tm11\">Aguascalientes vivi\u00f3 una jornada hist\u00f3rica en el taekwondo con resultados sobresalientes para M\u00e9xico en el Panam Series. Destac\u00f3 la participaci\u00f3n de los hermanos Mart\u00ednez Medina y su entrenador, Juan Alfredo Mart\u00ednez Andrade, quienes lograron un hecho in\u00e9dito al clasificar en distintas categor\u00edas y sumar medallas para el pa\u00eds.<\/span><\/p>\n<p class=\"tm10\"><span class=\"tm11\">\u00a0<\/span><\/p>\n<p class=\"tm10\"><span class=\"tm11\">En la competencia clasificatoria rumbo a los Juegos Panamericanos Juveniles Asunci\u00f3n 2025, Obed Mart\u00ednez Medina y Brisa Alekc obtuvieron el segundo lugar, asegurando su pase a la justa continental. La pareja mexicana se enfrent\u00f3 a 20 equipos de todo el continente, donde obtuvieron dos medallas de plata en poomsae y un bronce en freestyle.<\/span><\/p>\n<p class=\"tm10\"><span class=\"tm11\">\u00a0<\/span><\/p>\n<p class=\"tm10\"><span class=\"tm11\">Por otro lado, en el Panam Series Open Sub-22, evento clave para la clasificaci\u00f3n al Panamericano Senior G4 2026, Roy Mart\u00ednez Medina consigui\u00f3 la medalla de bronce, logrando as\u00ed un wildcard para el Panamericano de Taekwondo Senior G4 2026, compartiendo el podio con medallistas mundiales. Asimismo, Valeria Mart\u00ednez Medina se coron\u00f3 campeona en la modalidad de tercia, junto a dos atletas de Nuevo Le\u00f3n, asegurando tambi\u00e9n su pase al Panamericano Senior 2026.<\/span><\/p>\n<p class=\"tm10\"><span class=\"tm11\">\u00a0<\/span><\/p>\n<p class=\"tm10\"><span class=\"tm11\">Estos resultados consolidan a Aguascalientes como un referente del taekwondo en el continente, con tres atletas y su entrenador pertenecientes a la academia Koguryo del Instituto del Deporte de Aguascalientes (IDEA), lo que demuestra el alto nivel competitivo de la entidad en esta disciplina.<\/span><\/p>\n","protected":false},"excerpt":{"rendered":"<p>#informativoelvalledeaguascalientes #novaradioaguascalientes #informativoelvalledeaguascalientesll #Aguascalientes &nbsp; \u00a0 Aguascalientes vivi\u00f3 una jornada hist\u00f3rica en el taekwondo con resultados sobresalientes para M\u00e9xico en el Panam Series. Destac\u00f3 la participaci\u00f3n de los hermanos Mart\u00ednez Medina y su entrenador, Juan Alfredo Mart\u00ednez Andrade, quienes lograron un hecho in\u00e9dito al clasificar en distintas categor\u00edas y sumar medallas para el pa\u00eds. \u00a0 [&hellip;]<\/p>\n","protected":false},"author":1,"featured_media":67584,"comment_status":"closed","ping_status":"open","sticky":false,"template":"","format":"standard","meta":{"advanced_seo_description":"","jetpack_seo_html_title":"","jetpack_seo_noindex":false,"_jetpack_memberships_contains_paid_content":false,"footnotes":"","jetpack_publicize_message":"","jetpack_publicize_feature_enabled":true,"jetpack_social_post_already_shared":true,"jetpack_social_options":{"image_generator_settings":{"template":"highway","default_image_id":0,"font":"","enabled":false},"version":2}},"categories":[21,4],"tags":[22,615,113],"class_list":["post-67585","post","type-post","status-publish","format-standard","has-post-thumbnail","hentry","category-aguascalientes","category-gobierno-del-estado-aguascalientes","tag-aguascalientes","tag-gobierno-del-estado-de-aguascalientes","tag-idea"],"jetpack_publicize_connections":[],"jetpack_featured_media_url":"https:\/\/i0.wp.com\/informativoelvalledeaguascalientes.online\/wp-content\/uploads\/2025\/04\/20d30667-e958-43b0-b911-593044b640fa.jpg?fit=1262%2C557&ssl=1","jetpack-related-posts":[],"jetpack_sharing_enabled":true,"jetpack_likes_enabled":true,"_links":{"self":[{"href":"https:\/\/informativoelvalledeaguascalientes.online\/index.php?rest_route=\/wp\/v2\/posts\/67585","targetHints":{"allow":["GET"]}}],"collection":[{"href":"https:\/\/informativoelvalledeaguascalientes.online\/index.php?rest_route=\/wp\/v2\/posts"}],"about":[{"href":"https:\/\/informativoelvalledeaguascalientes.online\/index.php?rest_route=\/wp\/v2\/types\/post"}],"author":[{"embeddable":true,"href":"https:\/\/informativoelvalledeaguascalientes.online\/index.php?rest_route=\/wp\/v2\/users\/1"}],"replies":[{"embeddable":true,"href":"https:\/\/informativoelvalledeaguascalientes.online\/index.php?rest_route=%2Fwp%2Fv2%2Fcomments&post=67585"}],"version-history":[{"count":1,"href":"https:\/\/informativoelvalledeaguascalientes.online\/index.php?rest_route=\/wp\/v2\/posts\/67585\/revisions"}],"predecessor-version":[{"id":67586,"href":"https:\/\/informativoelvalledeaguascalientes.online\/index.php?rest_route=\/wp\/v2\/posts\/67585\/revisions\/67586"}],"wp:featuredmedia":[{"embeddable":true,"href":"https:\/\/informativoelvalledeaguascalientes.online\/index.php?rest_route=\/wp\/v2\/media\/67584"}],"wp:attachment":[{"href":"https:\/\/informativoelvalledeaguascalientes.online\/index.php?rest_route=%2Fwp%2Fv2%2Fmedia&parent=67585"}],"wp:term":[{"taxonomy":"category","embeddable":true,"href":"https:\/\/informativoelvalledeaguascalientes.online\/index.php?rest_route=%2Fwp%2Fv2%2Fcategories&post=67585"},{"taxonomy":"post_tag","embeddable":true,"href":"https:\/\/informativoelvalledeaguascalientes.online\/index.php?rest_route=%2Fwp%2Fv2%2Ftags&post=67585"}],"curies":[{"name":"wp","href":"https:\/\/api.w.org\/{rel}","templated":true}]}}