{"id":67578,"date":"2025-04-03T21:38:40","date_gmt":"2025-04-04T03:38:40","guid":{"rendered":"https:\/\/informativoelvalledeaguascalientes.online\/?p=67578"},"modified":"2025-04-03T21:38:40","modified_gmt":"2025-04-04T03:38:40","slug":"cuatro-jovenes-de-aguascalientes-representan-a-mexico-en-el-campeonato-norteamerica-y-del-caribe-junior-de-handball","status":"publish","type":"post","link":"https:\/\/informativoelvalledeaguascalientes.online\/?p=67578","title":{"rendered":"CUATRO J\u00d3VENES DE AGUASCALIENTES REPRESENTAN A M\u00c9XICO EN EL CAMPEONATO NORTEAM\u00c9RICA Y DEL CARIBE JUNIOR DE HANDBALL"},"content":{"rendered":"<p>#informativoelvalledeaguascalientes #novaradioaguascalientes #informativoelvalledeaguascalientesll #Aguascalientes<\/p>\n<p>&nbsp;<\/p>\n<p class=\"tm7\"><strong><span class=\"tm8\">\u00a0<\/span><\/strong><\/p>\n<p class=\"tm10\"><em><span class=\"tm11\">\u25cf Este torneo es clave en el camino hacia los Juegos Panamericanos Junior Asunci\u00f3n 2025<\/span><\/em><\/p>\n<p class=\"tm10\"><em><span class=\"tm11\">\u25cf Las seleccionadas son Mayte Flores Ortiz, Brenda Mart\u00ednez Rodr\u00edguez, Paulina Guerrero Hern\u00e1ndez y Sof\u00eda Ar\u00e9chiga Bonilla<\/span><\/em><\/p>\n<p class=\"tm7\"><span class=\"tm12\">\u00a0<\/span><\/p>\n<p class=\"tm7\"><span class=\"tm12\">La gobernadora de Aguascalientes, Tere Jim\u00e9nez, felicit\u00f3 a las cuatro atletas hidroc\u00e1lidas que forman parte de la Selecci\u00f3n Nacional Sub-21 de Handball que representa a M\u00e9xico en el Campeonato Norteam\u00e9rica y del Caribe Junior que se lleva a cabo en la Ciudad de M\u00e9xico, y que es clave en el camino hacia los Juegos Panamericanos Junior Asunci\u00f3n 2025.<\/span><\/p>\n<p class=\"tm7\"><span class=\"tm12\">\u00a0<\/span><\/p>\n<p class=\"tm7\"><span class=\"tm12\">\u201cUstedes son un ejemplo de dedicaci\u00f3n, disciplina y fortaleza, han trabajado por este momento y s\u00e9 que representar\u00e1n a M\u00e9xico y a Aguascalientes con dignidad y honor en esta competencia internacional\u201d, mencion\u00f3 la gobernadora.<\/span><\/p>\n<p class=\"tm7\"><span class=\"tm12\">\u00a0<\/span><\/p>\n<p class=\"tm7\"><span class=\"tm12\">Las seleccionadas son Mayte Flores Ortiz, Brenda Am\u00e9rica Mart\u00ednez Rodr\u00edguez, Paulina Danielle Guerrero Hern\u00e1ndez y Sof\u00eda Ar\u00e9chiga Bonilla. Su esfuerzo y compromiso las llevar\u00e1n a alcanzar la clasificaci\u00f3n en uno de los eventos deportivos m\u00e1s importantes del continente.<\/span><\/p>\n<p class=\"tm7\"><span class=\"tm12\">\u00a0<\/span><\/p>\n<p class=\"tm7\"><span class=\"tm12\">El Instituto del Deporte del Estado de Aguascalientes (IDEA) celebra con orgullo este gran logro y reafirma su compromiso con el desarrollo de las y los atletas de la entidad.<\/span><\/p>\n<p class=\"Normal\">\n","protected":false},"excerpt":{"rendered":"<p>#informativoelvalledeaguascalientes #novaradioaguascalientes #informativoelvalledeaguascalientesll #Aguascalientes &nbsp; \u00a0 \u25cf Este torneo es clave en el camino hacia los Juegos Panamericanos Junior Asunci\u00f3n 2025 \u25cf Las seleccionadas son Mayte Flores Ortiz, Brenda Mart\u00ednez Rodr\u00edguez, Paulina Guerrero Hern\u00e1ndez y Sof\u00eda Ar\u00e9chiga Bonilla \u00a0 La gobernadora de Aguascalientes, Tere Jim\u00e9nez, felicit\u00f3 a las cuatro atletas hidroc\u00e1lidas que forman parte de [&hellip;]<\/p>\n","protected":false},"author":1,"featured_media":67579,"comment_status":"closed","ping_status":"open","sticky":false,"template":"","format":"standard","meta":{"advanced_seo_description":"","jetpack_seo_html_title":"","jetpack_seo_noindex":false,"_jetpack_memberships_contains_paid_content":false,"footnotes":"","jetpack_publicize_message":"","jetpack_publicize_feature_enabled":true,"jetpack_social_post_already_shared":true,"jetpack_social_options":{"image_generator_settings":{"template":"highway","default_image_id":0,"font":"","enabled":false},"version":2}},"categories":[21,4],"tags":[22,615,113],"class_list":["post-67578","post","type-post","status-publish","format-standard","has-post-thumbnail","hentry","category-aguascalientes","category-gobierno-del-estado-aguascalientes","tag-aguascalientes","tag-gobierno-del-estado-de-aguascalientes","tag-idea"],"jetpack_publicize_connections":[],"jetpack_featured_media_url":"https:\/\/i0.wp.com\/informativoelvalledeaguascalientes.online\/wp-content\/uploads\/2025\/04\/4d0a9dfc-a1a7-41c7-b623-91d3fd2d13e0.jpg?fit=1050%2C1404&ssl=1","jetpack-related-posts":[],"jetpack_sharing_enabled":true,"jetpack_likes_enabled":true,"_links":{"self":[{"href":"https:\/\/informativoelvalledeaguascalientes.online\/index.php?rest_route=\/wp\/v2\/posts\/67578","targetHints":{"allow":["GET"]}}],"collection":[{"href":"https:\/\/informativoelvalledeaguascalientes.online\/index.php?rest_route=\/wp\/v2\/posts"}],"about":[{"href":"https:\/\/informativoelvalledeaguascalientes.online\/index.php?rest_route=\/wp\/v2\/types\/post"}],"author":[{"embeddable":true,"href":"https:\/\/informativoelvalledeaguascalientes.online\/index.php?rest_route=\/wp\/v2\/users\/1"}],"replies":[{"embeddable":true,"href":"https:\/\/informativoelvalledeaguascalientes.online\/index.php?rest_route=%2Fwp%2Fv2%2Fcomments&post=67578"}],"version-history":[{"count":1,"href":"https:\/\/informativoelvalledeaguascalientes.online\/index.php?rest_route=\/wp\/v2\/posts\/67578\/revisions"}],"predecessor-version":[{"id":67580,"href":"https:\/\/informativoelvalledeaguascalientes.online\/index.php?rest_route=\/wp\/v2\/posts\/67578\/revisions\/67580"}],"wp:featuredmedia":[{"embeddable":true,"href":"https:\/\/informativoelvalledeaguascalientes.online\/index.php?rest_route=\/wp\/v2\/media\/67579"}],"wp:attachment":[{"href":"https:\/\/informativoelvalledeaguascalientes.online\/index.php?rest_route=%2Fwp%2Fv2%2Fmedia&parent=67578"}],"wp:term":[{"taxonomy":"category","embeddable":true,"href":"https:\/\/informativoelvalledeaguascalientes.online\/index.php?rest_route=%2Fwp%2Fv2%2Fcategories&post=67578"},{"taxonomy":"post_tag","embeddable":true,"href":"https:\/\/informativoelvalledeaguascalientes.online\/index.php?rest_route=%2Fwp%2Fv2%2Ftags&post=67578"}],"curies":[{"name":"wp","href":"https:\/\/api.w.org\/{rel}","templated":true}]}}