{"id":67520,"date":"2025-04-01T21:04:23","date_gmt":"2025-04-02T03:04:23","guid":{"rendered":"https:\/\/informativoelvalledeaguascalientes.online\/?p=67520"},"modified":"2025-04-01T21:04:23","modified_gmt":"2025-04-02T03:04:23","slug":"mas-vida-y-color-para-jesus-maria-con-la-inauguracion-del-parque-san-mateo","status":"publish","type":"post","link":"https:\/\/informativoelvalledeaguascalientes.online\/?p=67520","title":{"rendered":"M\u00c1S VIDA Y COLOR PARA JES\u00daS MAR\u00cdA CON LA INAUGURACI\u00d3N DEL PARQUE SAN MATEO"},"content":{"rendered":"<p class=\"p1\">#informativoelvalledeaguascalientes<span class=\"Apple-converted-space\">\u00a0 <\/span>#novaradioaguascalientes #informativoelvalledeaguascalientesll #Aguascalientes<\/p>\n<p>&nbsp;<\/p>\n<p>&nbsp;<\/p>\n<p>Como parte del compromiso con el mejoramiento de los espacios p\u00fablicos y la calidad de vida de los ciudadanos, el presidente municipal de Jes\u00fas Mar\u00eda, C\u00e9sar Medina, inaugur\u00f3 el Parque San Mateo en el fraccionamiento Residencial Alc\u00e1zar.<\/p>\n<p>Agreg\u00f3 que la construcci\u00f3n del parque requiri\u00f3 una inversi\u00f3n cercana a los 900 mil pesos y fue posible gracias a la labor de la Secretar\u00eda de Obras P\u00fablicas, que ejecut\u00f3 la edificaci\u00f3n de una barda perimetral, la plancha de concreto y los andadores, en tanto, la Secretar\u00eda de Servicios P\u00fablicos del municipio contribuy\u00f3 al embellecimiento del espacio con colores vibrantes que transmiten alegr\u00eda y calidez. &#8220;Queremos que nuestros espacios p\u00fablicos est\u00e9n llenos de vida y color, porque son lugares de encuentro y sana convivencia para las familias de Jes\u00fas Mar\u00eda, sobre todo, espacios dignos para nuestras infancias &#8220;, enfatiz\u00f3 el presidente municipal.<\/p>\n<p>Durante el evento, el alcalde destac\u00f3 la importancia de contar con espacios p\u00fablicos seguros y de calidad, que fomenten el esparcimiento y la sana convivencia entre los habitantes, asimismo, mencion\u00f3 que esta obra es el resultado de un esfuerzo colectivo para mejorar el municipio y un ejemplo del trabajo de continuidad entre administraciones, ya que el proyecto se inici\u00f3 en el gobierno anterior y hoy se cristaliza en beneficio de la comunidad, adem\u00e1s de que es un parque abierto al p\u00fablico en general pues se construy\u00f3 en un \u00e1rea de donaci\u00f3n.<\/p>\n<p>Finalmente, se llev\u00f3 a cabo el corte del list\u00f3n y el encendido de la placa, lo que marc\u00f3 la apertura oficial del parque que disfrutar\u00e1n chicos y grandes. Cabe se\u00f1alar que este evento inaugural cont\u00f3 con la presencia de secretarios municipales, vecinos de la zona, directores, entre otros funcionarios.<\/p>\n","protected":false},"excerpt":{"rendered":"<p>#informativoelvalledeaguascalientes\u00a0 #novaradioaguascalientes #informativoelvalledeaguascalientesll #Aguascalientes &nbsp; &nbsp; Como parte del compromiso con el mejoramiento de los espacios p\u00fablicos y la calidad de vida de los ciudadanos, el presidente municipal de Jes\u00fas Mar\u00eda, C\u00e9sar Medina, inaugur\u00f3 el Parque San Mateo en el fraccionamiento Residencial Alc\u00e1zar. Agreg\u00f3 que la construcci\u00f3n del parque requiri\u00f3 una inversi\u00f3n cercana a los [&hellip;]<\/p>\n","protected":false},"author":1,"featured_media":67521,"comment_status":"closed","ping_status":"open","sticky":false,"template":"","format":"standard","meta":{"advanced_seo_description":"","jetpack_seo_html_title":"","jetpack_seo_noindex":false,"_jetpack_memberships_contains_paid_content":false,"footnotes":"","jetpack_publicize_message":"","jetpack_publicize_feature_enabled":true,"jetpack_social_post_already_shared":true,"jetpack_social_options":{"image_generator_settings":{"template":"highway","default_image_id":0,"font":"","enabled":false},"version":2}},"categories":[21,14],"tags":[22,45],"class_list":["post-67520","post","type-post","status-publish","format-standard","has-post-thumbnail","hentry","category-aguascalientes","category-jesus-maria-aguascalientes","tag-aguascalientes","tag-jesus-maria-aguascalientes"],"jetpack_publicize_connections":[],"jetpack_featured_media_url":"https:\/\/i0.wp.com\/informativoelvalledeaguascalientes.online\/wp-content\/uploads\/2025\/04\/00819a61-3230-44e0-aeca-fa4a14e8ccce-scaled.jpg?fit=2560%2C1744&ssl=1","jetpack-related-posts":[],"jetpack_sharing_enabled":true,"jetpack_likes_enabled":true,"_links":{"self":[{"href":"https:\/\/informativoelvalledeaguascalientes.online\/index.php?rest_route=\/wp\/v2\/posts\/67520","targetHints":{"allow":["GET"]}}],"collection":[{"href":"https:\/\/informativoelvalledeaguascalientes.online\/index.php?rest_route=\/wp\/v2\/posts"}],"about":[{"href":"https:\/\/informativoelvalledeaguascalientes.online\/index.php?rest_route=\/wp\/v2\/types\/post"}],"author":[{"embeddable":true,"href":"https:\/\/informativoelvalledeaguascalientes.online\/index.php?rest_route=\/wp\/v2\/users\/1"}],"replies":[{"embeddable":true,"href":"https:\/\/informativoelvalledeaguascalientes.online\/index.php?rest_route=%2Fwp%2Fv2%2Fcomments&post=67520"}],"version-history":[{"count":1,"href":"https:\/\/informativoelvalledeaguascalientes.online\/index.php?rest_route=\/wp\/v2\/posts\/67520\/revisions"}],"predecessor-version":[{"id":67522,"href":"https:\/\/informativoelvalledeaguascalientes.online\/index.php?rest_route=\/wp\/v2\/posts\/67520\/revisions\/67522"}],"wp:featuredmedia":[{"embeddable":true,"href":"https:\/\/informativoelvalledeaguascalientes.online\/index.php?rest_route=\/wp\/v2\/media\/67521"}],"wp:attachment":[{"href":"https:\/\/informativoelvalledeaguascalientes.online\/index.php?rest_route=%2Fwp%2Fv2%2Fmedia&parent=67520"}],"wp:term":[{"taxonomy":"category","embeddable":true,"href":"https:\/\/informativoelvalledeaguascalientes.online\/index.php?rest_route=%2Fwp%2Fv2%2Fcategories&post=67520"},{"taxonomy":"post_tag","embeddable":true,"href":"https:\/\/informativoelvalledeaguascalientes.online\/index.php?rest_route=%2Fwp%2Fv2%2Ftags&post=67520"}],"curies":[{"name":"wp","href":"https:\/\/api.w.org\/{rel}","templated":true}]}}