{"id":67516,"date":"2025-04-01T20:31:06","date_gmt":"2025-04-02T02:31:06","guid":{"rendered":"https:\/\/informativoelvalledeaguascalientes.online\/?p=67516"},"modified":"2025-04-01T20:31:06","modified_gmt":"2025-04-02T02:31:06","slug":"uaa-celebra-el-46-aniversario-de-la-licenciatura-en-derecho-un-legado-de-justicia-y-compromiso-social","status":"publish","type":"post","link":"https:\/\/informativoelvalledeaguascalientes.online\/?p=67516","title":{"rendered":"UAA celebra el 46 aniversario de la Licenciatura en Derecho: Un legado de justicia y compromiso social"},"content":{"rendered":"<p class=\"p1\">#informativoelvalledeaguascalientes<span class=\"Apple-converted-space\">\u00a0 <\/span>#novaradioaguascalientes #informativoelvalledeaguascalientesll #Aguascalientes<\/p>\n<p>&nbsp;<\/p>\n<p>&nbsp;<\/p>\n<p>\u25cf La carrera en Derecho de la UAA fue aprobada por el H. Consejo Universitario el 30 de marzo de 1979.<br \/>\n\u25cf La formaci\u00f3n en Derecho en la UAA ha sido clave para consolidar el prestigio de la universidad como un referente regional en la ense\u00f1anza jur\u00eddica.<\/p>\n<p>La Universidad Aut\u00f3noma de Aguascalientes celebr\u00f3 el 46\u00b0 aniversario de la Licenciatura en Derecho, una de las carreras m\u00e1s emblem\u00e1ticas de esta casa de estudios. En una emotiva ceremonia, se destac\u00f3 el impacto que ha tenido esta licenciatura en la formaci\u00f3n de profesionistas comprometidos con la justicia, la equidad y el bienestar social.<\/p>\n<p>El evento estuvo encabezado por la Mtra. Mar\u00eda Zapopan Tejeda Caldera, decana del Centro de Ciencias Sociales y Humanidades, quien, en representaci\u00f3n de la Dra. Sandra Yesenia Pinz\u00f3n Castro, rectora de la UAA, resalt\u00f3 el legado de esta carrera mencionando que la formaci\u00f3n en Derecho en la UAA ha sido clave para consolidar el prestigio de la universidad como un referente regional en la ense\u00f1anza jur\u00eddica.<\/p>\n<p>&#8220;A lo largo de estos a\u00f1os, hemos sido testigos del paso de innumerables generaciones de juristas que han dejado su huella en la sociedad. Cada uno de ustedes, con su talento y dedicaci\u00f3n, ha contribuido a consolidar el prestigio de este programa acad\u00e9mico&#8221;, coment\u00f3 la Mtra. Tejeda, quien tambi\u00e9n subray\u00f3 la importancia de que la universidad contin\u00fae adaptando su plan de estudios a los nuevos retos y demandas del mundo actual.<\/p>\n<p>La decana tambi\u00e9n destac\u00f3 los logros alcanzados por el programa, como la acreditaci\u00f3n nacional y la constante obtenci\u00f3n de premios por parte de estudiantes y docentes, as\u00ed como los importantes proyectos de investigaci\u00f3n desarrollados en el departamento. En este sentido, hizo hincapi\u00e9 en el compromiso social de la carrera, destacando, por ejemplo, el servicio de asesor\u00eda jur\u00eddica que la UAA ofrece a la comunidad a trav\u00e9s del Despacho Jur\u00eddico, contribuyendo al bienestar de la sociedad en Aguascalientes.<\/p>\n<p>Por su parte, la Dra. Mirna Trinidad Delgado Garc\u00eda, jefa del Departamento de Derecho, record\u00f3 el origen de la licenciatura, que fue aprobada por el H. Consejo Universitario el 30 de marzo de 1979. La doctora expres\u00f3 su orgullo por los cientos de egresados que han enfrentado los retos de la carrera con responsabilidad, \u00e9tica y un firme compromiso con la justicia social.<\/p>\n<p>Puntualiz\u00f3 que es indispensable seguir trabajando por una carrera que sea un faro para la comunidad, que construya relaciones donde las desigualdades e injusticias sean superadas, y donde la indiferencia y la discriminaci\u00f3n no tengan cabida.<\/p>\n<p>El evento tambi\u00e9n cont\u00f3 con la presencia del Dr. Jos\u00e9 Manuel L\u00f3pez Libreros, secretario general de la UAA, quien realiz\u00f3 un emotivo pase de lista a la primera generaci\u00f3n de la Licenciatura en Derecho. Adem\u00e1s, se entregaron reconocimientos a los docentes por su arduo trabajo y dedicaci\u00f3n en la formaci\u00f3n de profesionistas con una s\u00f3lida trayectoria, as\u00ed como a los alumnos que conformaron la primera generaci\u00f3n de esta carrera.<\/p>\n<p>&nbsp;<\/p>\n","protected":false},"excerpt":{"rendered":"<p>#informativoelvalledeaguascalientes\u00a0 #novaradioaguascalientes #informativoelvalledeaguascalientesll #Aguascalientes &nbsp; &nbsp; \u25cf La carrera en Derecho de la UAA fue aprobada por el H. Consejo Universitario el 30 de marzo de 1979. \u25cf La formaci\u00f3n en Derecho en la UAA ha sido clave para consolidar el prestigio de la universidad como un referente regional en la ense\u00f1anza jur\u00eddica. La Universidad [&hellip;]<\/p>\n","protected":false},"author":1,"featured_media":67517,"comment_status":"closed","ping_status":"open","sticky":false,"template":"","format":"standard","meta":{"advanced_seo_description":"","jetpack_seo_html_title":"","jetpack_seo_noindex":false,"_jetpack_memberships_contains_paid_content":false,"footnotes":"","jetpack_publicize_message":"","jetpack_publicize_feature_enabled":true,"jetpack_social_post_already_shared":true,"jetpack_social_options":{"image_generator_settings":{"template":"highway","default_image_id":0,"font":"","enabled":false},"version":2}},"categories":[21,629],"tags":[22,142],"class_list":["post-67516","post","type-post","status-publish","format-standard","has-post-thumbnail","hentry","category-aguascalientes","category-universidad-autonoma-de-aguascalientes","tag-aguascalientes","tag-uaa"],"jetpack_publicize_connections":[],"jetpack_featured_media_url":"https:\/\/i0.wp.com\/informativoelvalledeaguascalientes.online\/wp-content\/uploads\/2025\/04\/c9a3f521-9f63-4d3f-811b-798575df6f10.jpg?fit=1600%2C1002&ssl=1","jetpack-related-posts":[],"jetpack_sharing_enabled":true,"jetpack_likes_enabled":true,"_links":{"self":[{"href":"https:\/\/informativoelvalledeaguascalientes.online\/index.php?rest_route=\/wp\/v2\/posts\/67516","targetHints":{"allow":["GET"]}}],"collection":[{"href":"https:\/\/informativoelvalledeaguascalientes.online\/index.php?rest_route=\/wp\/v2\/posts"}],"about":[{"href":"https:\/\/informativoelvalledeaguascalientes.online\/index.php?rest_route=\/wp\/v2\/types\/post"}],"author":[{"embeddable":true,"href":"https:\/\/informativoelvalledeaguascalientes.online\/index.php?rest_route=\/wp\/v2\/users\/1"}],"replies":[{"embeddable":true,"href":"https:\/\/informativoelvalledeaguascalientes.online\/index.php?rest_route=%2Fwp%2Fv2%2Fcomments&post=67516"}],"version-history":[{"count":1,"href":"https:\/\/informativoelvalledeaguascalientes.online\/index.php?rest_route=\/wp\/v2\/posts\/67516\/revisions"}],"predecessor-version":[{"id":67518,"href":"https:\/\/informativoelvalledeaguascalientes.online\/index.php?rest_route=\/wp\/v2\/posts\/67516\/revisions\/67518"}],"wp:featuredmedia":[{"embeddable":true,"href":"https:\/\/informativoelvalledeaguascalientes.online\/index.php?rest_route=\/wp\/v2\/media\/67517"}],"wp:attachment":[{"href":"https:\/\/informativoelvalledeaguascalientes.online\/index.php?rest_route=%2Fwp%2Fv2%2Fmedia&parent=67516"}],"wp:term":[{"taxonomy":"category","embeddable":true,"href":"https:\/\/informativoelvalledeaguascalientes.online\/index.php?rest_route=%2Fwp%2Fv2%2Fcategories&post=67516"},{"taxonomy":"post_tag","embeddable":true,"href":"https:\/\/informativoelvalledeaguascalientes.online\/index.php?rest_route=%2Fwp%2Fv2%2Ftags&post=67516"}],"curies":[{"name":"wp","href":"https:\/\/api.w.org\/{rel}","templated":true}]}}