{"id":67467,"date":"2025-03-31T22:15:10","date_gmt":"2025-04-01T04:15:10","guid":{"rendered":"https:\/\/informativoelvalledeaguascalientes.online\/?p=67467"},"modified":"2025-03-31T22:15:10","modified_gmt":"2025-04-01T04:15:10","slug":"video-revive-un-poco-de-lo-que-se-vivio-este-domingo-en-calvillo-pueblo-magico","status":"publish","type":"post","link":"https:\/\/informativoelvalledeaguascalientes.online\/?p=67467","title":{"rendered":"VIDEO: Revive un poco de lo que se vivi\u00f3 este domingo en Calvillo Pueblo M\u00e1gico"},"content":{"rendered":"<p class=\"p1\">#informativoelvalledeaguascalientes<span class=\"Apple-converted-space\">\u00a0 <\/span>#novaradioaguascalientes #informativoelvalledeaguascalientesll #Aguascalientes<\/p>\n<div style=\"width: 640px;\" class=\"wp-video\"><video class=\"wp-video-shortcode\" id=\"video-67467-1\" width=\"640\" height=\"360\" preload=\"metadata\" controls=\"controls\"><source type=\"video\/mp4\" src=\"https:\/\/informativoelvalledeaguascalientes.online\/wp-content\/uploads\/2025\/03\/WhatsApp-Video-2025-03-31-at-10.08.41-PM-1.mp4?_=1\" \/><a href=\"https:\/\/informativoelvalledeaguascalientes.online\/wp-content\/uploads\/2025\/03\/WhatsApp-Video-2025-03-31-at-10.08.41-PM-1.mp4\">https:\/\/informativoelvalledeaguascalientes.online\/wp-content\/uploads\/2025\/03\/WhatsApp-Video-2025-03-31-at-10.08.41-PM-1.mp4<\/a><\/video><\/div>\n<p>&nbsp;<\/p>\n<p>Revive un poco de lo que se vivi\u00f3 este domingo en Calvillo Pueblo M\u00e1gico en la cuarta edici\u00f3n del \ud835\udc05\ud835\udc1e\ud835\udc2c\ud835\udc2d\ud835\udc22\ud835\udc2f\ud835\udc1a\ud835\udc25 \ud835\udc1d\ud835\udc1e\ud835\udc25 \ud835\udc13\ud835\udc1a\ud835\udc1c\ud835\udc28 \ud835\udfd0\ud835\udfce\ud835\udfd0\ud835\udfd3, una celebraci\u00f3n llena de sabor, tradici\u00f3n y convivencia.<\/p>\n<p>Los asistentes disfrutaron de una muestra gastron\u00f3mica con los mejores sabores y combinaciones de nuestra regi\u00f3n, acompa\u00f1ados de un gran ambiente en la Plaza Principal de Calvillo.<\/p>\n","protected":false},"excerpt":{"rendered":"<p>#informativoelvalledeaguascalientes\u00a0 #novaradioaguascalientes #informativoelvalledeaguascalientesll #Aguascalientes &nbsp; Revive un poco de lo que se vivi\u00f3 este domingo en Calvillo Pueblo M\u00e1gico en la cuarta edici\u00f3n del \ud835\udc05\ud835\udc1e\ud835\udc2c\ud835\udc2d\ud835\udc22\ud835\udc2f\ud835\udc1a\ud835\udc25 \ud835\udc1d\ud835\udc1e\ud835\udc25 \ud835\udc13\ud835\udc1a\ud835\udc1c\ud835\udc28 \ud835\udfd0\ud835\udfce\ud835\udfd0\ud835\udfd3, una celebraci\u00f3n llena de sabor, tradici\u00f3n y convivencia. Los asistentes disfrutaron de una muestra gastron\u00f3mica con los mejores sabores y combinaciones de nuestra regi\u00f3n, acompa\u00f1ados de un [&hellip;]<\/p>\n","protected":false},"author":1,"featured_media":67415,"comment_status":"closed","ping_status":"open","sticky":false,"template":"","format":"standard","meta":{"advanced_seo_description":"","jetpack_seo_html_title":"","jetpack_seo_noindex":false,"_jetpack_memberships_contains_paid_content":false,"footnotes":"","jetpack_publicize_message":"","jetpack_publicize_feature_enabled":true,"jetpack_social_post_already_shared":true,"jetpack_social_options":{"image_generator_settings":{"template":"highway","default_image_id":0,"font":"","enabled":false},"version":2}},"categories":[21,13],"tags":[],"class_list":["post-67467","post","type-post","status-publish","format-standard","has-post-thumbnail","hentry","category-aguascalientes","category-calvillo-aguascalientes"],"jetpack_publicize_connections":[],"jetpack_featured_media_url":"https:\/\/i0.wp.com\/informativoelvalledeaguascalientes.online\/wp-content\/uploads\/2025\/03\/IMG-20250330-WA0001.jpg?fit=1080%2C1228&ssl=1","jetpack-related-posts":[],"jetpack_sharing_enabled":true,"jetpack_likes_enabled":true,"_links":{"self":[{"href":"https:\/\/informativoelvalledeaguascalientes.online\/index.php?rest_route=\/wp\/v2\/posts\/67467","targetHints":{"allow":["GET"]}}],"collection":[{"href":"https:\/\/informativoelvalledeaguascalientes.online\/index.php?rest_route=\/wp\/v2\/posts"}],"about":[{"href":"https:\/\/informativoelvalledeaguascalientes.online\/index.php?rest_route=\/wp\/v2\/types\/post"}],"author":[{"embeddable":true,"href":"https:\/\/informativoelvalledeaguascalientes.online\/index.php?rest_route=\/wp\/v2\/users\/1"}],"replies":[{"embeddable":true,"href":"https:\/\/informativoelvalledeaguascalientes.online\/index.php?rest_route=%2Fwp%2Fv2%2Fcomments&post=67467"}],"version-history":[{"count":1,"href":"https:\/\/informativoelvalledeaguascalientes.online\/index.php?rest_route=\/wp\/v2\/posts\/67467\/revisions"}],"predecessor-version":[{"id":67472,"href":"https:\/\/informativoelvalledeaguascalientes.online\/index.php?rest_route=\/wp\/v2\/posts\/67467\/revisions\/67472"}],"wp:featuredmedia":[{"embeddable":true,"href":"https:\/\/informativoelvalledeaguascalientes.online\/index.php?rest_route=\/wp\/v2\/media\/67415"}],"wp:attachment":[{"href":"https:\/\/informativoelvalledeaguascalientes.online\/index.php?rest_route=%2Fwp%2Fv2%2Fmedia&parent=67467"}],"wp:term":[{"taxonomy":"category","embeddable":true,"href":"https:\/\/informativoelvalledeaguascalientes.online\/index.php?rest_route=%2Fwp%2Fv2%2Fcategories&post=67467"},{"taxonomy":"post_tag","embeddable":true,"href":"https:\/\/informativoelvalledeaguascalientes.online\/index.php?rest_route=%2Fwp%2Fv2%2Ftags&post=67467"}],"curies":[{"name":"wp","href":"https:\/\/api.w.org\/{rel}","templated":true}]}}