{"id":67443,"date":"2025-03-30T22:00:31","date_gmt":"2025-03-31T04:00:31","guid":{"rendered":"https:\/\/informativoelvalledeaguascalientes.online\/?p=67443"},"modified":"2025-03-30T22:00:31","modified_gmt":"2025-03-31T04:00:31","slug":"gran-cierre-de-la-primera-exhibicion-hecho-en-jesus-maria-rural","status":"publish","type":"post","link":"https:\/\/informativoelvalledeaguascalientes.online\/?p=67443","title":{"rendered":"GRAN CIERRE DE LA PRIMERA EXHIBICI\u00d3N HECHO EN JES\u00daS MAR\u00cdA RURAL"},"content":{"rendered":"<p>#informativoelvalledeaguascalientes #novaradioaguascalientes #informativoelvalledeaguascalientesll #Aguascalientes<\/p>\n<p>&nbsp;<\/p>\n<p>&nbsp;<\/p>\n<p>Un gran cierre se vivi\u00f3 en la Primera Exhibici\u00f3n Hecho en Jes\u00fas Mar\u00eda Rural, con la conferencia magistral &#8220;Del sue\u00f1o del toreo al sue\u00f1o del Olivo&#8221; que dict\u00f3 el matador Arturo Mac\u00edas&#8221;El Cejas&#8221;.<\/p>\n<p>Durante un evento encabezado por el presidente municipal C\u00e9sar Medina, quien estuvo acompa\u00f1ado por el secretario de Desarrollo Agrario y Rural de Jes\u00fas Mar\u00eda J. Guadalupe Valtierra P\u00e9rez, y por la s\u00edndica Beatriz L\u00f3pez Jim\u00e9nez; concluy\u00f3 la primera edici\u00f3n de esta muestra que reuni\u00f3 a m\u00e1s de 60 expositores de Jes\u00fas Mar\u00eda, Aguascalientes, Calvillo, Cos\u00edo, El Llano, Rinc\u00f3n de Romos, Tepezal\u00e1, San Jos\u00e9 de Gracia, Villa Garc\u00eda y Tabasco, Zac.; as\u00ed como de Encarnaci\u00f3n de D\u00edaz, Jal.<\/p>\n<p>Al medio d\u00eda se cont\u00f3 con la participaci\u00f3n del Ballet Tepochpainal del CBTIS 39, posteriormente se present\u00f3 la conferencia del matador Arturo Mac\u00edas, y la jornada cerr\u00f3 con la presentaci\u00f3n del Taller de Danza Espa\u00f1ola Triana, del Instituto Cultural de Aguascalientes.<\/p>\n<p>El alcalde C\u00e9sar Medina entreg\u00f3 reconocimientos a los expositores as\u00ed como a Arturo Mac\u00edas y en un mensaje agradeci\u00f3 la participaci\u00f3n de todos y cada uno de quienes creyeron en este proyecto y formaron parte de esta primera exhibici\u00f3n cuyo objetivo fue presentar una muestra de productos locales salidos del campo y transformados en alimento o artesan\u00eda.<\/p>\n","protected":false},"excerpt":{"rendered":"<p>#informativoelvalledeaguascalientes #novaradioaguascalientes #informativoelvalledeaguascalientesll #Aguascalientes &nbsp; &nbsp; Un gran cierre se vivi\u00f3 en la Primera Exhibici\u00f3n Hecho en Jes\u00fas Mar\u00eda Rural, con la conferencia magistral &#8220;Del sue\u00f1o del toreo al sue\u00f1o del Olivo&#8221; que dict\u00f3 el matador Arturo Mac\u00edas&#8221;El Cejas&#8221;. Durante un evento encabezado por el presidente municipal C\u00e9sar Medina, quien estuvo acompa\u00f1ado por el secretario [&hellip;]<\/p>\n","protected":false},"author":1,"featured_media":67444,"comment_status":"closed","ping_status":"open","sticky":false,"template":"","format":"standard","meta":{"advanced_seo_description":"","jetpack_seo_html_title":"","jetpack_seo_noindex":false,"_jetpack_memberships_contains_paid_content":false,"footnotes":"","jetpack_publicize_message":"","jetpack_publicize_feature_enabled":true,"jetpack_social_post_already_shared":true,"jetpack_social_options":{"image_generator_settings":{"template":"highway","default_image_id":0,"font":"","enabled":false},"version":2}},"categories":[21,14],"tags":[22,45],"class_list":["post-67443","post","type-post","status-publish","format-standard","has-post-thumbnail","hentry","category-aguascalientes","category-jesus-maria-aguascalientes","tag-aguascalientes","tag-jesus-maria-aguascalientes"],"jetpack_publicize_connections":[],"jetpack_featured_media_url":"https:\/\/i0.wp.com\/informativoelvalledeaguascalientes.online\/wp-content\/uploads\/2025\/03\/WhatsApp-Image-2025-03-30-at-9.24.47-PM-scaled.jpeg?fit=2560%2C1703&ssl=1","jetpack-related-posts":[],"jetpack_sharing_enabled":true,"jetpack_likes_enabled":true,"_links":{"self":[{"href":"https:\/\/informativoelvalledeaguascalientes.online\/index.php?rest_route=\/wp\/v2\/posts\/67443","targetHints":{"allow":["GET"]}}],"collection":[{"href":"https:\/\/informativoelvalledeaguascalientes.online\/index.php?rest_route=\/wp\/v2\/posts"}],"about":[{"href":"https:\/\/informativoelvalledeaguascalientes.online\/index.php?rest_route=\/wp\/v2\/types\/post"}],"author":[{"embeddable":true,"href":"https:\/\/informativoelvalledeaguascalientes.online\/index.php?rest_route=\/wp\/v2\/users\/1"}],"replies":[{"embeddable":true,"href":"https:\/\/informativoelvalledeaguascalientes.online\/index.php?rest_route=%2Fwp%2Fv2%2Fcomments&post=67443"}],"version-history":[{"count":1,"href":"https:\/\/informativoelvalledeaguascalientes.online\/index.php?rest_route=\/wp\/v2\/posts\/67443\/revisions"}],"predecessor-version":[{"id":67445,"href":"https:\/\/informativoelvalledeaguascalientes.online\/index.php?rest_route=\/wp\/v2\/posts\/67443\/revisions\/67445"}],"wp:featuredmedia":[{"embeddable":true,"href":"https:\/\/informativoelvalledeaguascalientes.online\/index.php?rest_route=\/wp\/v2\/media\/67444"}],"wp:attachment":[{"href":"https:\/\/informativoelvalledeaguascalientes.online\/index.php?rest_route=%2Fwp%2Fv2%2Fmedia&parent=67443"}],"wp:term":[{"taxonomy":"category","embeddable":true,"href":"https:\/\/informativoelvalledeaguascalientes.online\/index.php?rest_route=%2Fwp%2Fv2%2Fcategories&post=67443"},{"taxonomy":"post_tag","embeddable":true,"href":"https:\/\/informativoelvalledeaguascalientes.online\/index.php?rest_route=%2Fwp%2Fv2%2Ftags&post=67443"}],"curies":[{"name":"wp","href":"https:\/\/api.w.org\/{rel}","templated":true}]}}