{"id":67381,"date":"2025-03-29T22:43:11","date_gmt":"2025-03-30T04:43:11","guid":{"rendered":"https:\/\/informativoelvalledeaguascalientes.online\/?p=67381"},"modified":"2025-03-29T22:43:11","modified_gmt":"2025-03-30T04:43:11","slug":"aprovecha-las-caravanas-de-la-salud-del-31-de-marzo-al-4-de-abril","status":"publish","type":"post","link":"https:\/\/informativoelvalledeaguascalientes.online\/?p=67381","title":{"rendered":"APROVECHA LAS CARAVANAS DE LA SALUD DEL 31 DE MARZO AL 4 DE ABRIL"},"content":{"rendered":"<p>#informativoelvalledeaguascalientes #novaradioaguascalientes #informativoelvalledeaguascalientesll #Aguascalientes<\/p>\n<p>&nbsp;<\/p>\n<p>&nbsp;<\/p>\n<ul class=\"_9iRlZ joYDm\">\n<li class=\"AY0Vp\" dir=\"auto\" aria-level=\"1\">\n<p id=\"viewer-xrp3j369\" class=\"o0STb GF80u _6Vwzd HjRUP\" dir=\"\"><span class=\"B-fpk _6Vwzd\"><strong><em>Las jornadas se realizar\u00e1n de las 8:00 de la ma\u00f1ana a las 3:30 de la tarde\u00a0<\/em><\/strong><\/span><\/p>\n<\/li>\n<li class=\"AY0Vp\" dir=\"auto\" aria-level=\"1\">\n<p id=\"viewer-0uy25372\" class=\"o0STb GF80u _6Vwzd HjRUP\" dir=\"\"><span class=\"B-fpk _6Vwzd\"><strong><em>Para m\u00e1s informaci\u00f3n, comunicarse al tel\u00e9fono 449 910 79 00, extensi\u00f3n 7989<\/em><\/strong><\/span><\/p>\n<\/li>\n<\/ul>\n<div id=\"viewer-bir61374\" class=\"o0STb GF80u _6Vwzd HjRUP\" dir=\"auto\"><span class=\"B-fpk _6Vwzd\">\u00a0<\/span><\/div>\n<p id=\"viewer-kynp6375\" class=\"o0STb GF80u _6Vwzd HjRUP\" dir=\"auto\"><span class=\"B-fpk _6Vwzd\">Esta semana, las Caravanas de la Salud visitar\u00e1n m\u00e1s de 20 comunidades de la entidad; del 31 de marzo al 4 de abril se ofrecer\u00e1n servicios gratuitos como atenci\u00f3n m\u00e9dica y dental, detecci\u00f3n de enfermedades como diabetes e hipertensi\u00f3n, promoci\u00f3n de la salud, planificaci\u00f3n familiar, control del ni\u00f1o sano, y mucho m\u00e1s.<\/span><\/p>\n<div id=\"viewer-uqtfi377\" class=\"o0STb GF80u _6Vwzd HjRUP\" dir=\"auto\"><span class=\"B-fpk _6Vwzd\">\u00a0<\/span><\/div>\n<p id=\"viewer-anl48378\" class=\"o0STb GF80u _6Vwzd HjRUP\" dir=\"auto\"><span class=\"B-fpk _6Vwzd\">Con ese fin, el Gobierno del Estado, a trav\u00e9s del Instituto de Servicios de Salud del Estado de Aguascalientes (ISSEA), invita a la ciudadan\u00eda a asistir a estas jornadas que se realizar\u00e1n de las 8:00 de la ma\u00f1ana a las 3:30 de la tarde.\u00a0<\/span><\/p>\n<div id=\"viewer-tuzcn380\" class=\"o0STb GF80u _6Vwzd HjRUP\" dir=\"auto\"><span class=\"B-fpk _6Vwzd\">\u00a0<\/span><\/div>\n<p id=\"viewer-7ulzh381\" class=\"o0STb GF80u _6Vwzd HjRUP\" dir=\"auto\"><span class=\"B-fpk _6Vwzd\">El objetivo de este programa que impulsa la gobernadora Tere Jim\u00e9nez, es acercar servicios m\u00e9dicos sin costo a los habitantes de las localidades m\u00e1s alejadas del estado. Para recibir atenci\u00f3n, las personas interesadas deber\u00e1n acudir directamente a las Unidades M\u00e9dicas M\u00f3viles que se instalar\u00e1n en diferentes comunidades, de acuerdo al siguiente calendario:<\/span><\/p>\n<div id=\"viewer-xf2t3383\" class=\"o0STb GF80u _6Vwzd HjRUP\" dir=\"auto\"><span class=\"B-fpk _6Vwzd\">\u00a0<\/span><\/div>\n<p id=\"viewer-8sise384\" class=\"o0STb GF80u _6Vwzd HjRUP\" dir=\"auto\"><span class=\"B-fpk _6Vwzd\">El lunes 31 de marzo, las Caravanas de la Salud estar\u00e1n simult\u00e1neamente en la calle Laurel s\/n (plaza principal), Sandovales, El Llano; calle Ni\u00f1os H\u00e9roes No. 116 (Casa de Salud), Mar Negro, Rinc\u00f3n de Romos; calle Ojo Zarco s\/n (Casa de Salud), Ojo Zarco, Pabell\u00f3n de Arteaga; calle Valent\u00edn G\u00f3mez Far\u00edas s\/n, Mesa del Roble, Calvillo;\u00a0calle principal,\u00a0frente a la Biblioteca Jaime Nun\u00f3, Plutarco El\u00edas Calles, Asientos; y en la calle Morelos No. 104 (Casa de Salud), La Tomatina, Jes\u00fas Mar\u00eda.\u00a0<\/span><\/p>\n<div id=\"viewer-hu4qq388\" class=\"o0STb GF80u _6Vwzd HjRUP\" dir=\"auto\"><span class=\"B-fpk _6Vwzd\">\u00a0<\/span><\/div>\n<p id=\"viewer-0cz0n389\" class=\"o0STb GF80u _6Vwzd HjRUP\" dir=\"auto\"><span class=\"B-fpk _6Vwzd\">El martes 1.\u00ba de abril se instalar\u00e1n en la calle Benito Ju\u00e1rez s\/n (Casa de Salud), El Novillo, El Llano; calle Benito Ju\u00e1rez s\/n (Velaria), Puerta del Muerto, Rinc\u00f3n de Romos; calle Francisco Villa No. 202 (Casa de Salud), El Garabato, Pabell\u00f3n de Arteaga; calle R\u00edo No. 27, El Sauz de la Labor, Calvillo; av. Moctezuma s\/n (Sal\u00f3n Ejidal), Zacatequillas, Cos\u00edo; as\u00ed como en el andador Zenzontle No. 9172, Pilar Blanco, Aguascalientes.\u00a0<\/span><\/p>\n<div id=\"viewer-fhuw1391\" class=\"o0STb GF80u _6Vwzd HjRUP\" dir=\"auto\"><span class=\"B-fpk _6Vwzd\">\u00a0<\/span><\/div>\n<p id=\"viewer-fls6v392\" class=\"o0STb GF80u _6Vwzd HjRUP\" dir=\"auto\"><span class=\"B-fpk _6Vwzd\">El mi\u00e9rcoles 2 de abril, la jornada ser\u00e1 en la calle Benito Ju\u00e1rez s\/n (Sal\u00f3n Ejidal), comunidad San Antonio de Pe\u00f1uelas, Aguascalientes.\u00a0<\/span><\/p>\n<div id=\"viewer-zzorz394\" class=\"o0STb GF80u _6Vwzd HjRUP\" dir=\"auto\"><span class=\"B-fpk _6Vwzd\">\u00a0<\/span><\/div>\n<p id=\"viewer-yd1iy395\" class=\"o0STb GF80u _6Vwzd HjRUP\" dir=\"auto\"><span class=\"B-fpk _6Vwzd\">El jueves 3 de abril, las caravanas se llevar\u00e1n a cabo en la calle del Refugio s\/n (a un costado del templo), El Tild\u00edo, El Llano; calle Juan Hern\u00e1ndez Ram\u00edrez s\/n (Casa de Salud), El Tecongo, San Jos\u00e9 de Gracia; en la plaza principal de San Luis de Letras, Pabell\u00f3n de Arteaga; carretera La Rinconada (Sal\u00f3n de Desarrollo Comunitario), Terrero del Refugio, Calvillo; calle Guerrero s\/n (Casa de Salud), El Salero, Cos\u00edo; y en el Jard\u00edn de Ni\u00f1os Salvador M\u00e9ndez Noriega, en av. Ger\u00f3nimo de la Cueva s\/n, Villas del R\u00edo, Aguascalientes.\u00a0<\/span><\/p>\n<div id=\"viewer-bfsik397\" class=\"o0STb GF80u _6Vwzd HjRUP\" dir=\"auto\"><span class=\"B-fpk _6Vwzd\">\u00a0<\/span><\/div>\n<p id=\"viewer-018uz398\" class=\"o0STb GF80u _6Vwzd HjRUP\" dir=\"auto\"><span class=\"B-fpk _6Vwzd\">El viernes 4 de abril, las jornadas se desarrollar\u00e1n en calle Libertad s\/n (Casa de Salud), Ojo de Agua de Crucitas, El Llano; calle Eduardo J. Correa s\/n (Casa de Salud), Caldera, Tepezal\u00e1; calle Agust\u00edn Melgar s\/n (Casa de Salud), Santiago, Pabell\u00f3n de Arteaga; calle Morelos No. 501 (Casa de Salud), Ojo de Agua, Calvillo; calle Francisco M\u00e1rquez s\/n (Casa de Salud), El Valle de las Delicias, Rinc\u00f3n de Romos, y en el Centro de Salud G\u00f3mez Portugal, en la calle Acuario No. 101, J. G\u00f3mez Portugal, Jes\u00fas Mar\u00eda.\u00a0<\/span><\/p>\n<div id=\"viewer-sqh0v400\" class=\"o0STb GF80u _6Vwzd HjRUP\" dir=\"auto\"><span class=\"B-fpk _6Vwzd\">\u00a0<\/span><\/div>\n<p id=\"viewer-0t2ug401\" class=\"o0STb GF80u _6Vwzd HjRUP\" dir=\"auto\"><span class=\"B-fpk _6Vwzd\">Para obtener m\u00e1s informaci\u00f3n, comun\u00edcate al tel\u00e9fono 449 910 79 00, extensi\u00f3n 7989, o a trav\u00e9s de las redes sociales de la Secretar\u00eda de Salud del Estado de Aguascalientes <a class=\"_5VzWt lfO3I\" href=\"https:\/\/www.facebook.com\/SaludAgs\" target=\"_self\" rel=\"noopener\" data-hook=\"WebLink\"><u>https:\/\/www.facebook.com\/SaludAgs<\/u><\/a>.\u00a0<\/span><\/p>\n<div id=\"viewer-jag7g405\" class=\"o0STb GF80u _6Vwzd HjRUP\" dir=\"auto\"><\/div>\n","protected":false},"excerpt":{"rendered":"<p>#informativoelvalledeaguascalientes #novaradioaguascalientes #informativoelvalledeaguascalientesll #Aguascalientes &nbsp; &nbsp; Las jornadas se realizar\u00e1n de las 8:00 de la ma\u00f1ana a las 3:30 de la tarde\u00a0 Para m\u00e1s informaci\u00f3n, comunicarse al tel\u00e9fono 449 910 79 00, extensi\u00f3n 7989 \u00a0 Esta semana, las Caravanas de la Salud visitar\u00e1n m\u00e1s de 20 comunidades de la entidad; del 31 de marzo al [&hellip;]<\/p>\n","protected":false},"author":1,"featured_media":67382,"comment_status":"closed","ping_status":"open","sticky":false,"template":"","format":"standard","meta":{"advanced_seo_description":"","jetpack_seo_html_title":"","jetpack_seo_noindex":false,"_jetpack_memberships_contains_paid_content":false,"footnotes":"","jetpack_publicize_message":"","jetpack_publicize_feature_enabled":true,"jetpack_social_post_already_shared":true,"jetpack_social_options":{"image_generator_settings":{"template":"highway","default_image_id":0,"font":"","enabled":false},"version":2}},"categories":[21,4],"tags":[22,615,30],"class_list":["post-67381","post","type-post","status-publish","format-standard","has-post-thumbnail","hentry","category-aguascalientes","category-gobierno-del-estado-aguascalientes","tag-aguascalientes","tag-gobierno-del-estado-de-aguascalientes","tag-issea"],"jetpack_publicize_connections":[],"jetpack_featured_media_url":"https:\/\/i0.wp.com\/informativoelvalledeaguascalientes.online\/wp-content\/uploads\/2025\/03\/62.jpeg?fit=1600%2C1001&ssl=1","jetpack-related-posts":[],"jetpack_sharing_enabled":true,"jetpack_likes_enabled":true,"_links":{"self":[{"href":"https:\/\/informativoelvalledeaguascalientes.online\/index.php?rest_route=\/wp\/v2\/posts\/67381","targetHints":{"allow":["GET"]}}],"collection":[{"href":"https:\/\/informativoelvalledeaguascalientes.online\/index.php?rest_route=\/wp\/v2\/posts"}],"about":[{"href":"https:\/\/informativoelvalledeaguascalientes.online\/index.php?rest_route=\/wp\/v2\/types\/post"}],"author":[{"embeddable":true,"href":"https:\/\/informativoelvalledeaguascalientes.online\/index.php?rest_route=\/wp\/v2\/users\/1"}],"replies":[{"embeddable":true,"href":"https:\/\/informativoelvalledeaguascalientes.online\/index.php?rest_route=%2Fwp%2Fv2%2Fcomments&post=67381"}],"version-history":[{"count":1,"href":"https:\/\/informativoelvalledeaguascalientes.online\/index.php?rest_route=\/wp\/v2\/posts\/67381\/revisions"}],"predecessor-version":[{"id":67383,"href":"https:\/\/informativoelvalledeaguascalientes.online\/index.php?rest_route=\/wp\/v2\/posts\/67381\/revisions\/67383"}],"wp:featuredmedia":[{"embeddable":true,"href":"https:\/\/informativoelvalledeaguascalientes.online\/index.php?rest_route=\/wp\/v2\/media\/67382"}],"wp:attachment":[{"href":"https:\/\/informativoelvalledeaguascalientes.online\/index.php?rest_route=%2Fwp%2Fv2%2Fmedia&parent=67381"}],"wp:term":[{"taxonomy":"category","embeddable":true,"href":"https:\/\/informativoelvalledeaguascalientes.online\/index.php?rest_route=%2Fwp%2Fv2%2Fcategories&post=67381"},{"taxonomy":"post_tag","embeddable":true,"href":"https:\/\/informativoelvalledeaguascalientes.online\/index.php?rest_route=%2Fwp%2Fv2%2Ftags&post=67381"}],"curies":[{"name":"wp","href":"https:\/\/api.w.org\/{rel}","templated":true}]}}