{"id":67369,"date":"2025-03-29T22:33:16","date_gmt":"2025-03-30T04:33:16","guid":{"rendered":"https:\/\/informativoelvalledeaguascalientes.online\/?p=67369"},"modified":"2025-03-29T22:33:16","modified_gmt":"2025-03-30T04:33:16","slug":"feria-del-vino-en-san-francisco-de-los-romo-contara-con-etiquetas-reconocidas-a-nivel-internacional","status":"publish","type":"post","link":"https:\/\/informativoelvalledeaguascalientes.online\/?p=67369","title":{"rendered":"FERIA DEL VINO EN SAN FRANCISCO DE LOS ROMO, CONTAR\u00c1 CON ETIQUETAS RECONOCIDAS A NIVEL INTERNACIONAL"},"content":{"rendered":"<p>#informativoelvalledeaguascalientes #novaradioaguascalientes #informativoelvalledeaguascalientesll #Aguascalientes<\/p>\n<p>&nbsp;<\/p>\n<p>&nbsp;<\/p>\n<ul class=\"_9iRlZ joYDm\">\n<li class=\"AY0Vp\" dir=\"auto\" aria-level=\"1\">\n<p id=\"viewer-ahy15162\" class=\"o0STb GF80u _6Vwzd HjRUP\" dir=\"\"><span class=\"B-fpk _6Vwzd\"><strong><em>Se llevar\u00e1 a cabo los d\u00edas 29 y 30 de marzo de las 13:00 a 21:00 horas en la Ex Hacienda La Uni\u00f3n, en San Francisco de los Romo<\/em><\/strong><\/span><\/p>\n<\/li>\n<li class=\"AY0Vp\" dir=\"auto\" aria-level=\"1\">\n<p id=\"viewer-3f3ur165\" class=\"o0STb GF80u _6Vwzd HjRUP\" dir=\"\"><span class=\"B-fpk _6Vwzd\"><strong><em>Para conocer los detalles del programa, las y los interesados pueden consultar <\/em><\/strong><a class=\"_5VzWt lfO3I\" href=\"https:\/\/www.feriadelvino.com.mx\/ags\" target=\"_self\" rel=\"noopener\" data-hook=\"WebLink\"><strong><em><u>https:\/\/www.feriadelvino.com.mx\/ags<\/u><\/em><\/strong><\/a><strong><em>; o bien, llamar al tel\u00e9fono 449 306 30 63<\/em><\/strong><\/span><\/p>\n<\/li>\n<li class=\"AY0Vp\" dir=\"auto\" aria-level=\"1\">\n<p id=\"viewer-qo26h170\" class=\"o0STb GF80u _6Vwzd HjRUP\" dir=\"\"><span class=\"B-fpk _6Vwzd\"><strong><em>Se dispondr\u00e1 de transporte desde los hoteles Marriott e Ibis, con un costo de 90 pesos por persona<\/em><\/strong><\/span><\/p>\n<\/li>\n<\/ul>\n<div id=\"viewer-fj1an172\" class=\"o0STb GF80u _6Vwzd HjRUP\" dir=\"auto\"><span class=\"B-fpk _6Vwzd\">\u00a0<\/span><\/div>\n<p id=\"viewer-p68zg202\" class=\"o0STb GF80u _6Vwzd HjRUP\" dir=\"auto\"><span class=\"B-fpk _6Vwzd\">El Gobierno del Estado de Aguascalientes, a trav\u00e9s de la Secretar\u00eda de Turismo (Sectur), invita a la 9.\u00aa Feria del Vino Aguascalientes, que se llevar\u00e1 a cabo los d\u00edas 29 y 30 de marzo de las 13:00 a 21:00 horas en la Ex Hacienda La Uni\u00f3n, ubicada en San Francisco de los Romo.<\/span><\/p>\n<div id=\"viewer-bznnr223\" class=\"o0STb GF80u _6Vwzd HjRUP\" dir=\"auto\"><span class=\"B-fpk _6Vwzd\">\u00a0<\/span><\/div>\n<p id=\"viewer-v1z9c174\" class=\"o0STb GF80u _6Vwzd HjRUP\" dir=\"auto\"><span class=\"B-fpk _6Vwzd\">Este evento se ha consolidado como uno de los m\u00e1s importantes en la regi\u00f3n, donde los vinos blanco, tinto, rosado y espumoso ser\u00e1n los protagonistas, acompa\u00f1ados por lo mejor de la gastronom\u00eda y la artesan\u00eda local, nacional e internacional.<\/span><\/p>\n<div id=\"viewer-6yyl6244\" class=\"o0STb GF80u _6Vwzd HjRUP\" dir=\"auto\"><span class=\"B-fpk _6Vwzd\">\u00a0<\/span><\/div>\n<p id=\"viewer-bygar176\" class=\"o0STb GF80u _6Vwzd HjRUP\" dir=\"auto\"><span class=\"B-fpk _6Vwzd\">Para conocer los detalles del programa, las y los interesados pueden consultar la p\u00e1gina<a class=\"_5VzWt lfO3I\" href=\"http:\/\/www.feriadelvino.com.mx\/\" target=\"_blank\" rel=\"noopener\" data-hook=\"WebLink\"><u>\u00a0<\/u><\/a><a class=\"_5VzWt lfO3I\" href=\"https:\/\/www.feriadelvino.com.mx\/ags\" target=\"_self\" rel=\"noopener\" data-hook=\"WebLink\"><u>https:\/\/www.feriadelvino.com.mx\/ags<\/u><\/a>; o bien, llamar al tel\u00e9fono 449 306 30 63.<\/span><\/p>\n<div id=\"viewer-bj3na268\" class=\"o0STb GF80u _6Vwzd HjRUP\" dir=\"auto\"><span class=\"B-fpk _6Vwzd\">\u00a0<\/span><\/div>\n<p id=\"viewer-gqqd1181\" class=\"o0STb GF80u _6Vwzd HjRUP\" dir=\"auto\"><span class=\"B-fpk _6Vwzd\">Durante el evento se contar\u00e1 con la participaci\u00f3n de 40 expositores de vinos de diferentes partes del mundo, as\u00ed como de 15 artesanos que mostrar\u00e1n sus obras; adem\u00e1s, las y los asistentes tendr\u00e1n la oportunidad de disfrutar de seis propuestas gastron\u00f3micas exclusivas para la ocasi\u00f3n, as\u00ed como de cenas maridaje a cargo de reconocidos sommeliers, como Samantha Pradillo, Dany Casta\u00f1eda, Rodrigo Valadez y Mary L\u00f3pez.<\/span><\/p>\n<div id=\"viewer-n6jp5289\" class=\"o0STb GF80u _6Vwzd HjRUP\" dir=\"auto\"><span class=\"B-fpk _6Vwzd\">\u00a0<\/span><\/div>\n<p id=\"viewer-tl4g8183\" class=\"o0STb GF80u _6Vwzd HjRUP\" dir=\"auto\"><span class=\"B-fpk _6Vwzd\">Mauricio Gonz\u00e1lez L\u00f3pez, titular de la Sectur, destac\u00f3 la importancia de impulsar el vino hidroc\u00e1lido, ya que el estado cuenta con m\u00e1s de 250 etiquetas, de las cuales alrededor de 100 han sido premiadas en concursos nacionales e internacionales.\u00a0<\/span><\/p>\n<div id=\"viewer-3w561310\" class=\"o0STb GF80u _6Vwzd HjRUP\" dir=\"auto\"><span class=\"B-fpk _6Vwzd\">\u00a0<\/span><\/div>\n<p id=\"viewer-17q34185\" class=\"o0STb GF80u _6Vwzd HjRUP\" dir=\"auto\"><span class=\"B-fpk _6Vwzd\">\u201cAguascalientes ha ganado relevancia en el mundo del vino, gracias al esfuerzo de productores y a la visi\u00f3n de la gobernadora Tere Jim\u00e9nez, quien busca fortalecer la Ruta del Vino mediante la colaboraci\u00f3n con vi\u00f1edos, bodegas y casas vin\u00edcolas, as\u00ed como con actividades culturales y gastron\u00f3micas durante todo el a\u00f1o\u201d, mencion\u00f3.<\/span><\/p>\n<div id=\"viewer-26p63331\" class=\"o0STb GF80u _6Vwzd HjRUP\" dir=\"auto\"><span class=\"B-fpk _6Vwzd\">\u00a0<\/span><\/div>\n<p id=\"viewer-20du7187\" class=\"o0STb GF80u _6Vwzd HjRUP\" dir=\"auto\"><span class=\"B-fpk _6Vwzd\">Carlos D\u00e1valos, organizador del festival, inform\u00f3 que en esta edici\u00f3n se contar\u00e1 con la participaci\u00f3n de expositores de artesan\u00edas, propuestas gastron\u00f3micas y expositores de vino local, nacional e internacional, adem\u00e1s de reconocidos sommeliers.<\/span><\/p>\n<div id=\"viewer-uxwl6352\" class=\"o0STb GF80u _6Vwzd HjRUP\" dir=\"auto\"><span class=\"B-fpk _6Vwzd\">\u00a0<\/span><\/div>\n<p id=\"viewer-5snnp189\" class=\"o0STb GF80u _6Vwzd HjRUP\" dir=\"auto\"><span class=\"B-fpk _6Vwzd\">Por su parte, Juan Antonio D\u00e1valos, organizador, mencion\u00f3 que el evento tambi\u00e9n contar\u00e1 con degustaciones de charcuter\u00eda y vino; m\u00fasica en vivo, recorridos por la hacienda y una zona infantil con venta de alimentos y artesan\u00edas.\u00a0<\/span><\/p>\n<div id=\"viewer-j5xtw373\" class=\"o0STb GF80u _6Vwzd HjRUP\" dir=\"auto\"><span class=\"B-fpk _6Vwzd\">\u00a0<\/span><\/div>\n<p id=\"viewer-coyjz191\" class=\"o0STb GF80u _6Vwzd HjRUP\" dir=\"auto\"><span class=\"B-fpk _6Vwzd\">A\u00f1adi\u00f3 que entre las casas vin\u00edcolas participantes se encuentran Santa Elena, Clos de los 8, Pra\u00f6n De Mar\u00eda, Hasen, Santa M\u00f3nica, Iberia, Renacimiento, El Secreto, Arte y Fuego, bodegas Origen, Triunvirato, productores Somos Vino, Fraternus, Los Llorones, Trashumante y Casa Manr\u00edquez, entre muchos m\u00e1s.\u00a0<\/span><\/p>\n<div id=\"viewer-jomid394\" class=\"o0STb GF80u _6Vwzd HjRUP\" dir=\"auto\"><span class=\"B-fpk _6Vwzd\">\u00a0<\/span><\/div>\n<p id=\"viewer-58f3g193\" class=\"o0STb GF80u _6Vwzd HjRUP\" dir=\"auto\"><span class=\"B-fpk _6Vwzd\">En la parte gastron\u00f3mica participar\u00e1n los restaurantes San Luca, Sato, Lenin Ruelas, Grill Garden, Friet Frites y El Habanero, que ofrecer\u00e1n platillos exclusivos para el evento.<\/span><\/p>\n<p id=\"viewer-197sp195\" class=\"o0STb GF80u _6Vwzd HjRUP\" dir=\"auto\"><span class=\"B-fpk _6Vwzd\">Para comodidad de los asistentes, se dispondr\u00e1 de transporte desde los hoteles Marriott e Ibis, con un costo de 90 pesos por persona.<\/span><\/p>\n","protected":false},"excerpt":{"rendered":"<p>#informativoelvalledeaguascalientes #novaradioaguascalientes #informativoelvalledeaguascalientesll #Aguascalientes &nbsp; &nbsp; Se llevar\u00e1 a cabo los d\u00edas 29 y 30 de marzo de las 13:00 a 21:00 horas en la Ex Hacienda La Uni\u00f3n, en San Francisco de los Romo Para conocer los detalles del programa, las y los interesados pueden consultar https:\/\/www.feriadelvino.com.mx\/ags; o bien, llamar al tel\u00e9fono 449 306 [&hellip;]<\/p>\n","protected":false},"author":1,"featured_media":67370,"comment_status":"closed","ping_status":"open","sticky":false,"template":"","format":"standard","meta":{"advanced_seo_description":"","jetpack_seo_html_title":"","jetpack_seo_noindex":false,"_jetpack_memberships_contains_paid_content":false,"footnotes":"","jetpack_publicize_message":"","jetpack_publicize_feature_enabled":true,"jetpack_social_post_already_shared":true,"jetpack_social_options":{"image_generator_settings":{"template":"highway","default_image_id":0,"font":"","enabled":false},"version":2}},"categories":[21,4],"tags":[22,615,34],"class_list":["post-67369","post","type-post","status-publish","format-standard","has-post-thumbnail","hentry","category-aguascalientes","category-gobierno-del-estado-aguascalientes","tag-aguascalientes","tag-gobierno-del-estado-de-aguascalientes","tag-sectur"],"jetpack_publicize_connections":[],"jetpack_featured_media_url":"https:\/\/i0.wp.com\/informativoelvalledeaguascalientes.online\/wp-content\/uploads\/2025\/03\/60.jpeg?fit=1080%2C1080&ssl=1","jetpack-related-posts":[],"jetpack_sharing_enabled":true,"jetpack_likes_enabled":true,"_links":{"self":[{"href":"https:\/\/informativoelvalledeaguascalientes.online\/index.php?rest_route=\/wp\/v2\/posts\/67369","targetHints":{"allow":["GET"]}}],"collection":[{"href":"https:\/\/informativoelvalledeaguascalientes.online\/index.php?rest_route=\/wp\/v2\/posts"}],"about":[{"href":"https:\/\/informativoelvalledeaguascalientes.online\/index.php?rest_route=\/wp\/v2\/types\/post"}],"author":[{"embeddable":true,"href":"https:\/\/informativoelvalledeaguascalientes.online\/index.php?rest_route=\/wp\/v2\/users\/1"}],"replies":[{"embeddable":true,"href":"https:\/\/informativoelvalledeaguascalientes.online\/index.php?rest_route=%2Fwp%2Fv2%2Fcomments&post=67369"}],"version-history":[{"count":1,"href":"https:\/\/informativoelvalledeaguascalientes.online\/index.php?rest_route=\/wp\/v2\/posts\/67369\/revisions"}],"predecessor-version":[{"id":67371,"href":"https:\/\/informativoelvalledeaguascalientes.online\/index.php?rest_route=\/wp\/v2\/posts\/67369\/revisions\/67371"}],"wp:featuredmedia":[{"embeddable":true,"href":"https:\/\/informativoelvalledeaguascalientes.online\/index.php?rest_route=\/wp\/v2\/media\/67370"}],"wp:attachment":[{"href":"https:\/\/informativoelvalledeaguascalientes.online\/index.php?rest_route=%2Fwp%2Fv2%2Fmedia&parent=67369"}],"wp:term":[{"taxonomy":"category","embeddable":true,"href":"https:\/\/informativoelvalledeaguascalientes.online\/index.php?rest_route=%2Fwp%2Fv2%2Fcategories&post=67369"},{"taxonomy":"post_tag","embeddable":true,"href":"https:\/\/informativoelvalledeaguascalientes.online\/index.php?rest_route=%2Fwp%2Fv2%2Ftags&post=67369"}],"curies":[{"name":"wp","href":"https:\/\/api.w.org\/{rel}","templated":true}]}}