{"id":67360,"date":"2025-03-29T22:09:46","date_gmt":"2025-03-30T04:09:46","guid":{"rendered":"https:\/\/informativoelvalledeaguascalientes.online\/?p=67360"},"modified":"2025-03-29T22:09:46","modified_gmt":"2025-03-30T04:09:46","slug":"inicia-en-jm-nuevo-taller-de-enfermeria","status":"publish","type":"post","link":"https:\/\/informativoelvalledeaguascalientes.online\/?p=67360","title":{"rendered":"INICIA EN JM NUEVO TALLER DE ENFERMER\u00cdA"},"content":{"rendered":"<p>#informativoelvalledeaguascalientes #novaradioaguascalientes #informativoelvalledeaguascalientesll #Aguascalientes<\/p>\n<p>&nbsp;<\/p>\n<p>&nbsp;<\/p>\n<p>El alcalde de Jes\u00fas Mar\u00eda, C\u00e9sar Medina, dio la bienvenida a los integrantes del nuevo curso te\u00f3rico- pr\u00e1ctico de enfermer\u00eda, el cual est\u00e1 a cargo de la Instancia de Salud.<\/p>\n<p>El presidente saludo a las y los asistentes y extern\u00f3 su benepl\u00e1cito por el inter\u00e9s para capacitarse como cuidadores y cuidadoras, ya que durante el curso aprender\u00e1n t\u00e9cnicas de enfermer\u00eda para actuar en situaciones de enfermedad, accidentes o discapacidad.<\/p>\n<p>&#8220;Les deseo mucho \u00e9xito, tal vez el estar aqu\u00ed represente para algunos sacrificios, pero con la constancia y disciplina, al finalizar ver\u00e1n los frutos de su esfuerzo &#8220;, dijo.<\/p>\n<p>Por su parte la titular de la Instancia de Salud, Rosa Isela Torres Valenzuela manifest\u00f3 el compromiso del gobierno municipal a trav\u00e9s de su \u00e1rea para facilitar estos y m\u00e1s servicios a la ciudadan\u00eda.<\/p>\n<p>Este taller tiene una duraci\u00f3n de siete meses y se entregar\u00e1 constancia a los estudiantes.<\/p>\n","protected":false},"excerpt":{"rendered":"<p>#informativoelvalledeaguascalientes #novaradioaguascalientes #informativoelvalledeaguascalientesll #Aguascalientes &nbsp; &nbsp; El alcalde de Jes\u00fas Mar\u00eda, C\u00e9sar Medina, dio la bienvenida a los integrantes del nuevo curso te\u00f3rico- pr\u00e1ctico de enfermer\u00eda, el cual est\u00e1 a cargo de la Instancia de Salud. El presidente saludo a las y los asistentes y extern\u00f3 su benepl\u00e1cito por el inter\u00e9s para capacitarse como cuidadores [&hellip;]<\/p>\n","protected":false},"author":1,"featured_media":67361,"comment_status":"closed","ping_status":"open","sticky":false,"template":"","format":"standard","meta":{"advanced_seo_description":"","jetpack_seo_html_title":"","jetpack_seo_noindex":false,"_jetpack_memberships_contains_paid_content":false,"footnotes":"","jetpack_publicize_message":"","jetpack_publicize_feature_enabled":true,"jetpack_social_post_already_shared":true,"jetpack_social_options":{"image_generator_settings":{"template":"highway","default_image_id":0,"font":"","enabled":false},"version":2}},"categories":[21,14],"tags":[22,45],"class_list":["post-67360","post","type-post","status-publish","format-standard","has-post-thumbnail","hentry","category-aguascalientes","category-jesus-maria-aguascalientes","tag-aguascalientes","tag-jesus-maria-aguascalientes"],"jetpack_publicize_connections":[],"jetpack_featured_media_url":"https:\/\/i0.wp.com\/informativoelvalledeaguascalientes.online\/wp-content\/uploads\/2025\/03\/90a95182-154f-4b0a-b251-0944c8976ce7.jpg?fit=1080%2C1571&ssl=1","jetpack-related-posts":[],"jetpack_sharing_enabled":true,"jetpack_likes_enabled":true,"_links":{"self":[{"href":"https:\/\/informativoelvalledeaguascalientes.online\/index.php?rest_route=\/wp\/v2\/posts\/67360","targetHints":{"allow":["GET"]}}],"collection":[{"href":"https:\/\/informativoelvalledeaguascalientes.online\/index.php?rest_route=\/wp\/v2\/posts"}],"about":[{"href":"https:\/\/informativoelvalledeaguascalientes.online\/index.php?rest_route=\/wp\/v2\/types\/post"}],"author":[{"embeddable":true,"href":"https:\/\/informativoelvalledeaguascalientes.online\/index.php?rest_route=\/wp\/v2\/users\/1"}],"replies":[{"embeddable":true,"href":"https:\/\/informativoelvalledeaguascalientes.online\/index.php?rest_route=%2Fwp%2Fv2%2Fcomments&post=67360"}],"version-history":[{"count":1,"href":"https:\/\/informativoelvalledeaguascalientes.online\/index.php?rest_route=\/wp\/v2\/posts\/67360\/revisions"}],"predecessor-version":[{"id":67362,"href":"https:\/\/informativoelvalledeaguascalientes.online\/index.php?rest_route=\/wp\/v2\/posts\/67360\/revisions\/67362"}],"wp:featuredmedia":[{"embeddable":true,"href":"https:\/\/informativoelvalledeaguascalientes.online\/index.php?rest_route=\/wp\/v2\/media\/67361"}],"wp:attachment":[{"href":"https:\/\/informativoelvalledeaguascalientes.online\/index.php?rest_route=%2Fwp%2Fv2%2Fmedia&parent=67360"}],"wp:term":[{"taxonomy":"category","embeddable":true,"href":"https:\/\/informativoelvalledeaguascalientes.online\/index.php?rest_route=%2Fwp%2Fv2%2Fcategories&post=67360"},{"taxonomy":"post_tag","embeddable":true,"href":"https:\/\/informativoelvalledeaguascalientes.online\/index.php?rest_route=%2Fwp%2Fv2%2Ftags&post=67360"}],"curies":[{"name":"wp","href":"https:\/\/api.w.org\/{rel}","templated":true}]}}