{"id":67357,"date":"2025-03-29T22:08:01","date_gmt":"2025-03-30T04:08:01","guid":{"rendered":"https:\/\/informativoelvalledeaguascalientes.online\/?p=67357"},"modified":"2025-03-29T22:08:01","modified_gmt":"2025-03-30T04:08:01","slug":"continua-la-primera-exhibicion-hecho-en-jesus-maria-rural","status":"publish","type":"post","link":"https:\/\/informativoelvalledeaguascalientes.online\/?p=67357","title":{"rendered":"CONTIN\u00daA LA PRIMERA EXHIBICI\u00d3N HECHO EN JES\u00daS MAR\u00cdA RURAL"},"content":{"rendered":"<p>#informativoelvalledeaguascalientes #novaradioaguascalientes #informativoelvalledeaguascalientesll #Aguascalientes<\/p>\n<p>&nbsp;<\/p>\n<p>&nbsp;<\/p>\n<p>Un segundo d\u00eda de gran actividad se vivi\u00f3 en la Plaza del Mueble, con la Primera Exhibici\u00f3n Hecho en Jes\u00fas Mar\u00eda Rural, con la presentaci\u00f3n del grupo Mi Tierra Mestiza.<\/p>\n<p>De igual forma los 60 expositores, recibieron a visitantes que este viernes acudieron a degustar productos artesanales como cajetas, dulces t\u00edpicos, quesos, cerveza, vino, mezcal, carne seca; tambi\u00e9n pudieron disfrutar de las diferentes artesan\u00edas, de Jes\u00fas Mar\u00eda y de los municipios de Aguascalientes, Calvillo, Cos\u00edo, El Llano, Rinc\u00f3n de Romos, Tepezal\u00e1, San Jos\u00e9 de Gracia y de Villa Garc\u00eda y Tabasco Zacatecas, y Encarnaci\u00f3n de D\u00edaz, Jalisco.<\/p>\n<p>Este viernes tambi\u00e9n se cont\u00f3 con la participaci\u00f3n de Martha Emma Rosales de Loera, coordinadora de cr\u00e9ditos de SIFIA, quien ofreci\u00f3 una conferencia sobre agrocr\u00e9ditos.<\/p>\n<p>Ma\u00f1ana s\u00e1bado, se presentar\u00e1n los grupos Chicahual Bong y Huapangueros de Aguascalientes, y continuar\u00e1n las actividades en el Museo Bichos Aguascalientes as\u00ed como de serpientes, el taller de cartoner\u00eda, con Ramitas de Huizache.<\/p>\n<p>De igual forma el \u00e1rea gastron\u00f3mica ofrecer\u00e1 una gran variedad de platillos desde mariscos, tacos, paella, chaskas, aguas frescas entre otros.<\/p>\n","protected":false},"excerpt":{"rendered":"<p>#informativoelvalledeaguascalientes #novaradioaguascalientes #informativoelvalledeaguascalientesll #Aguascalientes &nbsp; &nbsp; Un segundo d\u00eda de gran actividad se vivi\u00f3 en la Plaza del Mueble, con la Primera Exhibici\u00f3n Hecho en Jes\u00fas Mar\u00eda Rural, con la presentaci\u00f3n del grupo Mi Tierra Mestiza. De igual forma los 60 expositores, recibieron a visitantes que este viernes acudieron a degustar productos artesanales como cajetas, [&hellip;]<\/p>\n","protected":false},"author":1,"featured_media":67358,"comment_status":"closed","ping_status":"open","sticky":false,"template":"","format":"standard","meta":{"advanced_seo_description":"","jetpack_seo_html_title":"","jetpack_seo_noindex":false,"_jetpack_memberships_contains_paid_content":false,"footnotes":"","jetpack_publicize_message":"","jetpack_publicize_feature_enabled":true,"jetpack_social_post_already_shared":true,"jetpack_social_options":{"image_generator_settings":{"template":"highway","default_image_id":0,"font":"","enabled":false},"version":2}},"categories":[21,14],"tags":[22,45],"class_list":["post-67357","post","type-post","status-publish","format-standard","has-post-thumbnail","hentry","category-aguascalientes","category-jesus-maria-aguascalientes","tag-aguascalientes","tag-jesus-maria-aguascalientes"],"jetpack_publicize_connections":[],"jetpack_featured_media_url":"https:\/\/i0.wp.com\/informativoelvalledeaguascalientes.online\/wp-content\/uploads\/2025\/03\/ce053665-a393-49b1-a21d-30163ab08896.jpg?fit=1600%2C1066&ssl=1","jetpack-related-posts":[],"jetpack_sharing_enabled":true,"jetpack_likes_enabled":true,"_links":{"self":[{"href":"https:\/\/informativoelvalledeaguascalientes.online\/index.php?rest_route=\/wp\/v2\/posts\/67357","targetHints":{"allow":["GET"]}}],"collection":[{"href":"https:\/\/informativoelvalledeaguascalientes.online\/index.php?rest_route=\/wp\/v2\/posts"}],"about":[{"href":"https:\/\/informativoelvalledeaguascalientes.online\/index.php?rest_route=\/wp\/v2\/types\/post"}],"author":[{"embeddable":true,"href":"https:\/\/informativoelvalledeaguascalientes.online\/index.php?rest_route=\/wp\/v2\/users\/1"}],"replies":[{"embeddable":true,"href":"https:\/\/informativoelvalledeaguascalientes.online\/index.php?rest_route=%2Fwp%2Fv2%2Fcomments&post=67357"}],"version-history":[{"count":1,"href":"https:\/\/informativoelvalledeaguascalientes.online\/index.php?rest_route=\/wp\/v2\/posts\/67357\/revisions"}],"predecessor-version":[{"id":67359,"href":"https:\/\/informativoelvalledeaguascalientes.online\/index.php?rest_route=\/wp\/v2\/posts\/67357\/revisions\/67359"}],"wp:featuredmedia":[{"embeddable":true,"href":"https:\/\/informativoelvalledeaguascalientes.online\/index.php?rest_route=\/wp\/v2\/media\/67358"}],"wp:attachment":[{"href":"https:\/\/informativoelvalledeaguascalientes.online\/index.php?rest_route=%2Fwp%2Fv2%2Fmedia&parent=67357"}],"wp:term":[{"taxonomy":"category","embeddable":true,"href":"https:\/\/informativoelvalledeaguascalientes.online\/index.php?rest_route=%2Fwp%2Fv2%2Fcategories&post=67357"},{"taxonomy":"post_tag","embeddable":true,"href":"https:\/\/informativoelvalledeaguascalientes.online\/index.php?rest_route=%2Fwp%2Fv2%2Ftags&post=67357"}],"curies":[{"name":"wp","href":"https:\/\/api.w.org\/{rel}","templated":true}]}}