{"id":67354,"date":"2025-03-29T22:06:01","date_gmt":"2025-03-30T04:06:01","guid":{"rendered":"https:\/\/informativoelvalledeaguascalientes.online\/?p=67354"},"modified":"2025-03-29T22:06:01","modified_gmt":"2025-03-30T04:06:01","slug":"acuerdan-trabajar-para-fortalecer-las-estrategias-de-proteccion-a-las-mujeres","status":"publish","type":"post","link":"https:\/\/informativoelvalledeaguascalientes.online\/?p=67354","title":{"rendered":"ACUERDAN TRABAJAR PARA FORTALECER LAS ESTRATEGIAS DE PROTECCI\u00d3N A LAS MUJERES"},"content":{"rendered":"<p>#informativoelvalledeaguascalientes #novaradioaguascalientes #informativoelvalledeaguascalientesll #Aguascalientes<\/p>\n<p>&nbsp;<\/p>\n<p>&nbsp;<\/p>\n<p>El Municipio de Jes\u00fas Mar\u00eda fue sede de la Reuni\u00f3n de Instancias Municipales de la Mujer y Coordinadoras de Casas Rosas, en la que se present\u00f3 el Plan de Trabajo de la Instancia de la Mujer local, as\u00ed como la estrategia del nuevo Programa de Atenci\u00f3n para el Bienestar de las Mujeres (PAIBIM) 2025.<\/p>\n<p>Dicha reuni\u00f3n, fue encabezada por la titular de la Instancia de la Mujer, Patricia Alvarado y la Directora General del Instituto Aguascalentense de las Mujeres, Mtra. Patricia Betzabel C\u00e1rdenas Delgado; en el encuentro, se dio cuenta sobre la restructuraci\u00f3n de los programas federales y la reducci\u00f3n presupuestal que impactar\u00e1 en la operatividad de diversas iniciativas dirigidas a la atenci\u00f3n y protecci\u00f3n de mujeres en situaci\u00f3n de violencia.<\/p>\n<p>&nbsp;<\/p>\n<p>Ante este panorama, e\u00f1acordqron que de manera coordinada con el Gobierno del Estado de Aguascalientes, se redoblar\u00e1n esfuerzos para optimizar los recursos disponibles y garantizar la continuidad de los servicios de atenci\u00f3n integral.<\/p>\n<p>&nbsp;<\/p>\n<p>Entre las estrategias destacadas se encuentra la implementaci\u00f3n de diez Centros Libres en la entidad, los cuales brindar\u00e1n acompa\u00f1amiento psicol\u00f3gico, jur\u00eddico y social, adem\u00e1s de impulsar el empoderamiento econ\u00f3mico de las mujeres a trav\u00e9s de capacitaci\u00f3n y redes de apoyo comunitario. Asimismo, se incorporar\u00e1 un equipo de abogadas especializadas en litigio con perspectiva de g\u00e9nero, quienes proporcionar\u00e1n asesor\u00eda y representaci\u00f3n legal a las usuarias en situaci\u00f3n de vulnerabilidad.<\/p>\n<p>&nbsp;<\/p>\n<p>El presidente municipal de Jes\u00fas Mar\u00eda, C\u00e9sar Fernando Medina Cervantes, subray\u00f3 la importancia de la difusi\u00f3n de estos servicios para garantizar su acceso oportuno a la poblaci\u00f3n. De igual manera, reiter\u00f3 el compromiso del municipio con el fortalecimiento de la Casa Rosa y el refugio para v\u00edctimas de violencia, reafirmando la disposici\u00f3n del gobierno municipal para colaborar con las instancias estatales y federales en la protecci\u00f3n de los derechos de las mujeres.<\/p>\n<p>&nbsp;<\/p>\n<p>Con estas acciones, el Gobierno del Estado de Aguascalientes ratifica su compromiso con la equidad de g\u00e9nero y la prevenci\u00f3n de la violencia, promoviendo pol\u00edticas p\u00fablicas orientadas al bienestar y desarrollo integral de las mujeres en la entidad.<\/p>\n","protected":false},"excerpt":{"rendered":"<p>#informativoelvalledeaguascalientes #novaradioaguascalientes #informativoelvalledeaguascalientesll #Aguascalientes &nbsp; &nbsp; El Municipio de Jes\u00fas Mar\u00eda fue sede de la Reuni\u00f3n de Instancias Municipales de la Mujer y Coordinadoras de Casas Rosas, en la que se present\u00f3 el Plan de Trabajo de la Instancia de la Mujer local, as\u00ed como la estrategia del nuevo Programa de Atenci\u00f3n para el Bienestar [&hellip;]<\/p>\n","protected":false},"author":1,"featured_media":67355,"comment_status":"closed","ping_status":"open","sticky":false,"template":"","format":"standard","meta":{"advanced_seo_description":"","jetpack_seo_html_title":"","jetpack_seo_noindex":false,"_jetpack_memberships_contains_paid_content":false,"footnotes":"","jetpack_publicize_message":"","jetpack_publicize_feature_enabled":true,"jetpack_social_post_already_shared":true,"jetpack_social_options":{"image_generator_settings":{"template":"highway","default_image_id":0,"font":"","enabled":false},"version":2}},"categories":[21,14],"tags":[22,45],"class_list":["post-67354","post","type-post","status-publish","format-standard","has-post-thumbnail","hentry","category-aguascalientes","category-jesus-maria-aguascalientes","tag-aguascalientes","tag-jesus-maria-aguascalientes"],"jetpack_publicize_connections":[],"jetpack_featured_media_url":"https:\/\/i0.wp.com\/informativoelvalledeaguascalientes.online\/wp-content\/uploads\/2025\/03\/3a191867-c27c-485b-9c9a-bd8dd4ced936.jpg?fit=1280%2C542&ssl=1","jetpack-related-posts":[],"jetpack_sharing_enabled":true,"jetpack_likes_enabled":true,"_links":{"self":[{"href":"https:\/\/informativoelvalledeaguascalientes.online\/index.php?rest_route=\/wp\/v2\/posts\/67354","targetHints":{"allow":["GET"]}}],"collection":[{"href":"https:\/\/informativoelvalledeaguascalientes.online\/index.php?rest_route=\/wp\/v2\/posts"}],"about":[{"href":"https:\/\/informativoelvalledeaguascalientes.online\/index.php?rest_route=\/wp\/v2\/types\/post"}],"author":[{"embeddable":true,"href":"https:\/\/informativoelvalledeaguascalientes.online\/index.php?rest_route=\/wp\/v2\/users\/1"}],"replies":[{"embeddable":true,"href":"https:\/\/informativoelvalledeaguascalientes.online\/index.php?rest_route=%2Fwp%2Fv2%2Fcomments&post=67354"}],"version-history":[{"count":1,"href":"https:\/\/informativoelvalledeaguascalientes.online\/index.php?rest_route=\/wp\/v2\/posts\/67354\/revisions"}],"predecessor-version":[{"id":67356,"href":"https:\/\/informativoelvalledeaguascalientes.online\/index.php?rest_route=\/wp\/v2\/posts\/67354\/revisions\/67356"}],"wp:featuredmedia":[{"embeddable":true,"href":"https:\/\/informativoelvalledeaguascalientes.online\/index.php?rest_route=\/wp\/v2\/media\/67355"}],"wp:attachment":[{"href":"https:\/\/informativoelvalledeaguascalientes.online\/index.php?rest_route=%2Fwp%2Fv2%2Fmedia&parent=67354"}],"wp:term":[{"taxonomy":"category","embeddable":true,"href":"https:\/\/informativoelvalledeaguascalientes.online\/index.php?rest_route=%2Fwp%2Fv2%2Fcategories&post=67354"},{"taxonomy":"post_tag","embeddable":true,"href":"https:\/\/informativoelvalledeaguascalientes.online\/index.php?rest_route=%2Fwp%2Fv2%2Ftags&post=67354"}],"curies":[{"name":"wp","href":"https:\/\/api.w.org\/{rel}","templated":true}]}}