{"id":67343,"date":"2025-03-29T14:28:36","date_gmt":"2025-03-29T20:28:36","guid":{"rendered":"https:\/\/informativoelvalledeaguascalientes.online\/?p=67343"},"modified":"2025-03-29T14:28:36","modified_gmt":"2025-03-29T20:28:36","slug":"para-los-jovenes-mas-oportunidades-educacion-empleo-y-salud-mental","status":"publish","type":"post","link":"https:\/\/informativoelvalledeaguascalientes.online\/?p=67343","title":{"rendered":"PARA LOS J\u00d3VENES, M\u00c1S OPORTUNIDADES, EDUCACI\u00d3N, EMPLEO Y SALUD MENTAL."},"content":{"rendered":"<p>#informativoelvalledeaguascalientes #novaradioaguascalientes #informativoelvalledeaguascalientesll #Aguascalientes<\/p>\n<p>&nbsp;<\/p>\n<p>&nbsp;<\/p>\n<p>Desde el Congreso del Estado, el Diputado Roy Cervantes reafirm\u00f3 su compromiso con la juventud, impulsando becas, oportunidades de empleo y promoviendo la salud f\u00edsica y mental.<\/p>\n<p>&#8220;Abrir\u00e9 espacios de di\u00e1logo y participaci\u00f3n, donde las y los j\u00f3venes puedan expresar sus ideas para llevarlas a iniciativas y puedan ser parte de la toma de decisiones&#8221;, afirm\u00f3.<\/p>\n","protected":false},"excerpt":{"rendered":"<p>#informativoelvalledeaguascalientes #novaradioaguascalientes #informativoelvalledeaguascalientesll #Aguascalientes &nbsp; &nbsp; Desde el Congreso del Estado, el Diputado Roy Cervantes reafirm\u00f3 su compromiso con la juventud, impulsando becas, oportunidades de empleo y promoviendo la salud f\u00edsica y mental. &#8220;Abrir\u00e9 espacios de di\u00e1logo y participaci\u00f3n, donde las y los j\u00f3venes puedan expresar sus ideas para llevarlas a iniciativas y puedan ser [&hellip;]<\/p>\n","protected":false},"author":1,"featured_media":67344,"comment_status":"closed","ping_status":"open","sticky":false,"template":"","format":"standard","meta":{"advanced_seo_description":"","jetpack_seo_html_title":"","jetpack_seo_noindex":false,"_jetpack_memberships_contains_paid_content":false,"footnotes":"","jetpack_publicize_message":"","jetpack_publicize_feature_enabled":true,"jetpack_social_post_already_shared":true,"jetpack_social_options":{"image_generator_settings":{"template":"highway","default_image_id":0,"font":"","enabled":false},"version":2}},"categories":[21,5],"tags":[22,872],"class_list":["post-67343","post","type-post","status-publish","format-standard","has-post-thumbnail","hentry","category-aguascalientes","category-h-congreso-del-estado-aguascalientes","tag-aguascalientes","tag-lxvi-legislatura-aguascalientes"],"jetpack_publicize_connections":[],"jetpack_featured_media_url":"https:\/\/i0.wp.com\/informativoelvalledeaguascalientes.online\/wp-content\/uploads\/2025\/03\/616074c7-b72d-4d79-9d90-cb0f98929bca.jpg?fit=2385%2C2410&ssl=1","jetpack-related-posts":[],"jetpack_sharing_enabled":true,"jetpack_likes_enabled":true,"_links":{"self":[{"href":"https:\/\/informativoelvalledeaguascalientes.online\/index.php?rest_route=\/wp\/v2\/posts\/67343","targetHints":{"allow":["GET"]}}],"collection":[{"href":"https:\/\/informativoelvalledeaguascalientes.online\/index.php?rest_route=\/wp\/v2\/posts"}],"about":[{"href":"https:\/\/informativoelvalledeaguascalientes.online\/index.php?rest_route=\/wp\/v2\/types\/post"}],"author":[{"embeddable":true,"href":"https:\/\/informativoelvalledeaguascalientes.online\/index.php?rest_route=\/wp\/v2\/users\/1"}],"replies":[{"embeddable":true,"href":"https:\/\/informativoelvalledeaguascalientes.online\/index.php?rest_route=%2Fwp%2Fv2%2Fcomments&post=67343"}],"version-history":[{"count":1,"href":"https:\/\/informativoelvalledeaguascalientes.online\/index.php?rest_route=\/wp\/v2\/posts\/67343\/revisions"}],"predecessor-version":[{"id":67345,"href":"https:\/\/informativoelvalledeaguascalientes.online\/index.php?rest_route=\/wp\/v2\/posts\/67343\/revisions\/67345"}],"wp:featuredmedia":[{"embeddable":true,"href":"https:\/\/informativoelvalledeaguascalientes.online\/index.php?rest_route=\/wp\/v2\/media\/67344"}],"wp:attachment":[{"href":"https:\/\/informativoelvalledeaguascalientes.online\/index.php?rest_route=%2Fwp%2Fv2%2Fmedia&parent=67343"}],"wp:term":[{"taxonomy":"category","embeddable":true,"href":"https:\/\/informativoelvalledeaguascalientes.online\/index.php?rest_route=%2Fwp%2Fv2%2Fcategories&post=67343"},{"taxonomy":"post_tag","embeddable":true,"href":"https:\/\/informativoelvalledeaguascalientes.online\/index.php?rest_route=%2Fwp%2Fv2%2Ftags&post=67343"}],"curies":[{"name":"wp","href":"https:\/\/api.w.org\/{rel}","templated":true}]}}