{"id":67228,"date":"2025-03-25T21:28:44","date_gmt":"2025-03-26T03:28:44","guid":{"rendered":"https:\/\/informativoelvalledeaguascalientes.online\/?p=67228"},"modified":"2025-03-25T21:29:23","modified_gmt":"2025-03-26T03:29:23","slug":"mas-de-45-mil-deportistas-participaran-este-ano-en-la-copa-aguascalientes-2025-torneo-que-por-primera-vez-sera-regional","status":"publish","type":"post","link":"https:\/\/informativoelvalledeaguascalientes.online\/?p=67228","title":{"rendered":"M\u00c1S DE 45 MIL DEPORTISTAS PARTICIPAR\u00c1N ESTE A\u00d1O EN LA COPA AGUASCALIENTES 2025, TORNEO QUE POR PRIMERA VEZ SER\u00c1 REGIONAL"},"content":{"rendered":"<div id=\"bgLayers_comp-l7sh9ubr2\" class=\"MW5IWV\" data-hook=\"bgLayers\" data-motion-part=\"BG_LAYER comp-l7sh9ubr2\">\n<div id=\"bgMedia_comp-l7sh9ubr2\" class=\"VgO9Yg\" data-motion-part=\"BG_MEDIA comp-l7sh9ubr2\">#informativoelvalledeaguascalientes #novaradioaguascalientes #informativoelvalledeaguascalientesll<\/div>\n<\/div>\n<div class=\"\" data-mesh-id=\"comp-l7sh9ubr2inlineContent\" data-testid=\"inline-content\">\n<div data-mesh-id=\"comp-l7sh9ubr2inlineContent-gridContainer\" data-testid=\"mesh-container-content\">\n<div id=\"comp-l7yvxqnz\" class=\"MazNVa comp-l7yvxqnz wixui-image rYiAuL\"><\/div>\n<div id=\"comp-l7yvxqo5\" class=\"MazNVa comp-l7yvxqo5 wixui-image rYiAuL\"><\/div>\n<div id=\"comp-l7yvxqo2\" class=\"MazNVa comp-l7yvxqo2 wixui-image\">\n<div class=\"j7pOnl\" data-testid=\"linkElement\"><\/div>\n<\/div>\n<div id=\"comp-l7sh9ubx\" class=\"TWFxr5 \">\n<div class=\"comp-l7sh9ubx\">\n<div class=\"sGWYken comp-l7sh9ubx\" data-hook=\"ricosviewer-wrapper\">\n<div class=\"nIlW2\" dir=\"ltr\" data-id=\"content-viewer\">\n<div class=\"C0hbR\">\n<div class=\"av0i6\">\n<ul class=\"_9iRlZ joYDm\">\n<li class=\"AY0Vp\" dir=\"auto\" aria-level=\"1\">\n<p id=\"viewer-h5pbr146\" class=\"o0STb GF80u _6Vwzd HjRUP\" dir=\"\"><span class=\"B-fpk _6Vwzd\"><strong><em>Ni\u00f1as, ni\u00f1os, j\u00f3venes y adultos de los 11 municipios y de otros estados del pa\u00eds podr\u00e1n participar en 30 deportes diferentes\u00a0<\/em><\/strong><\/span><\/p>\n<\/li>\n<li class=\"AY0Vp\" dir=\"auto\" aria-level=\"1\">\n<p id=\"viewer-xkhkt149\" class=\"o0STb GF80u _6Vwzd HjRUP\" dir=\"\"><span class=\"B-fpk _6Vwzd\"><strong><em>Tambi\u00e9n habr\u00e1 tres disciplinas para personas con discapacidad<\/em><\/strong><\/span><\/p>\n<\/li>\n<li class=\"AY0Vp\" dir=\"auto\" aria-level=\"1\">\n<p id=\"viewer-k86co152\" class=\"o0STb GF80u _6Vwzd HjRUP\" dir=\"\"><span class=\"B-fpk _6Vwzd\"><strong><em>La inauguraci\u00f3n del torneo ser\u00e1 el 31 de mayo en el Estadio Victoria con un partido de futbol entre creadores de contenido y exfutbolistas<\/em><\/strong><\/span><\/p>\n<\/li>\n<\/ul>\n<div id=\"viewer-jpl0i154\" class=\"o0STb GF80u _6Vwzd HjRUP\" dir=\"auto\"><span class=\"B-fpk _6Vwzd\">\u00a0<\/span><\/div>\n<p id=\"viewer-309pv155\" class=\"o0STb GF80u _6Vwzd HjRUP\" dir=\"auto\"><span class=\"B-fpk _6Vwzd\">Con el fin de fomentar el deporte como elemento clave en el fortalecimiento del tejido social, el Gobierno del Estado present\u00f3 la edici\u00f3n 2025 de la Copa Aguascalientes, el torneo m\u00e1s grande de la entidad, que este a\u00f1o contar\u00e1 con la participaci\u00f3n de m\u00e1s de 45 mil deportistas de todos los municipios y de otros estados del pa\u00eds que competir\u00e1n en 33 disciplinas.<\/span><\/p>\n<div id=\"viewer-xdj2l157\" class=\"o0STb GF80u _6Vwzd HjRUP\" dir=\"auto\"><span class=\"B-fpk _6Vwzd\">\u00a0<\/span><\/div>\n<p id=\"viewer-kp3mi158\" class=\"o0STb GF80u _6Vwzd HjRUP\" dir=\"auto\"><span class=\"B-fpk _6Vwzd\">La presentaci\u00f3n de la Copa Aguascalientes 2025 sorprendi\u00f3 con un formato innovador, al realizar una pasarela en la que se mostraron los uniformes de todas las disciplinas deportivas que participar\u00e1n este a\u00f1o, as\u00ed como entrevistas con invitados especiales y organizadores.\u00a0<\/span><\/p>\n<div id=\"viewer-6c0ak160\" class=\"o0STb GF80u _6Vwzd HjRUP\" dir=\"auto\"><span class=\"B-fpk _6Vwzd\">\u00a0<\/span><\/div>\n<p id=\"viewer-soqhm161\" class=\"o0STb GF80u _6Vwzd HjRUP\" dir=\"auto\"><span class=\"B-fpk _6Vwzd\">Durante el evento anunciaron que la inauguraci\u00f3n de la Copa se llevar\u00e1 a cabo el 31 de mayo en el Estadio Victoria con un partido de futbol, \u201cDuelo de Gigantes\u201d, que contar\u00e1 con la participaci\u00f3n de creadores de contenido como Werever, Juve 3D Studio, Javetas en el Arco y Paquideus, as\u00ed como de exfutbolistas de renombre.<\/span><\/p>\n<div id=\"viewer-mso4y163\" class=\"o0STb GF80u _6Vwzd HjRUP\" dir=\"auto\"><span class=\"B-fpk _6Vwzd\">\u00a0<\/span><\/div>\n<p id=\"viewer-ix7lx164\" class=\"o0STb GF80u _6Vwzd HjRUP\" dir=\"auto\"><span class=\"B-fpk _6Vwzd\">Arturo Fern\u00e1ndez Estrada, director general del Instituto del Deporte del Estado de Aguascalientes (IDEA), reconoci\u00f3 el liderazgo de la gobernadora Tere Jim\u00e9nez, que siempre le ha apostado al deporte; se\u00f1al\u00f3 que tambi\u00e9n este a\u00f1o los uniformes, el arbitraje y transporte ser\u00e1n gratuitos.\u00a0<\/span><\/p>\n<div id=\"viewer-y3s96166\" class=\"o0STb GF80u _6Vwzd HjRUP\" dir=\"auto\"><span class=\"B-fpk _6Vwzd\">\u00a0<\/span><\/div>\n<p id=\"viewer-ydm7o167\" class=\"o0STb GF80u _6Vwzd HjRUP\" dir=\"auto\"><span class=\"B-fpk _6Vwzd\">\u201cEste proyecto est\u00e1 en el plan de desarrollo de la gobernadora, porque el deporte fortalece el tejido social; lo m\u00e1s valioso son sus ni\u00f1as y ni\u00f1os, que tienen la oportunidad de practicar lo que ellos aman. Reconozco el trabajo de todas las personas que hacen posible esta Copa Aguascalientes\u201d, resalt\u00f3 durante el evento en el Fideicomiso Complejo Tres Centurias (Ficotrece).<\/span><\/p>\n<div id=\"viewer-jffm2169\" class=\"o0STb GF80u _6Vwzd HjRUP\" dir=\"auto\"><span class=\"B-fpk _6Vwzd\">\u00a0<\/span><\/div>\n<p id=\"viewer-w8h2s170\" class=\"o0STb GF80u _6Vwzd HjRUP\" dir=\"auto\"><span class=\"B-fpk _6Vwzd\">Las y los deportistas podr\u00e1n participar en deportes como taekwondo, softbol, tiro con arco, ajedrez, voleibol, tenis, nataci\u00f3n, futbol soccer, calistenia, cachibol, box, beisbol, b\u00e1dminton, entre otros; adem\u00e1s, se ofrecer\u00e1n tres disciplinas para personas con discapacidad: basquetbol 3&#215;3 en silla de ruedas, golbol y paralimpiada.\u00a0<\/span><\/p>\n<div id=\"viewer-fkalp172\" class=\"o0STb GF80u _6Vwzd HjRUP\" dir=\"auto\"><span class=\"B-fpk _6Vwzd\">\u00a0<\/span><\/div>\n<p id=\"viewer-hyvkz173\" class=\"o0STb GF80u _6Vwzd HjRUP\" dir=\"auto\"><span class=\"B-fpk _6Vwzd\">Luis Rodr\u00edguez Dur\u00e1n, director del Deporte del IDEA y coordinador general de la Copa Aguascalientes, destac\u00f3 que esta es la novena edici\u00f3n del torneo, que se cre\u00f3 a\u00a0 iniciativa de Tere Jim\u00e9nez desde que era alcaldesa. Asimismo, se\u00f1al\u00f3 que los uniformes se realizar\u00e1n en Aguascalientes con el fin de apoyar a la econom\u00eda local.\u00a0<\/span><\/p>\n<div id=\"viewer-i2fbb175\" class=\"o0STb GF80u _6Vwzd HjRUP\" dir=\"auto\"><span class=\"B-fpk _6Vwzd\">\u00a0<\/span><\/div>\n<p id=\"viewer-nxo1r176\" class=\"o0STb GF80u _6Vwzd HjRUP\" dir=\"auto\"><span class=\"B-fpk _6Vwzd\">Pr\u00f3ximamente, las y los atletas interesados en participar podr\u00e1n descargar los formatos de inscripci\u00f3n en la plataforma oficial <a class=\"_5VzWt lfO3I\" href=\"https:\/\/www.aguascalientes.gob.mx\/idea\/\" target=\"_self\" rel=\"noopener\" data-hook=\"WebLink\">https:\/\/www.aguascalientes.gob.mx\/idea\/<\/a> y entregarlos f\u00edsicamente en la Direcci\u00f3n del Deporte del IDEA.\u00a0<\/span><\/p>\n<div id=\"viewer-8ig1n180\" class=\"o0STb GF80u _6Vwzd HjRUP\" dir=\"auto\"><span class=\"B-fpk _6Vwzd\">\u00a0<\/span><\/div>\n<p id=\"viewer-sb6ns181\" class=\"o0STb GF80u _6Vwzd HjRUP\" dir=\"auto\"><span class=\"B-fpk _6Vwzd\">Para m\u00e1s informaci\u00f3n, comunicarse al tel\u00e9fono 449 910 21 42, extensi\u00f3n 6833, en un horario de atenci\u00f3n de las 8:00 a 15:30 horas.\u00a0<\/span><\/p>\n<div id=\"viewer-7c3vb183\" class=\"o0STb GF80u _6Vwzd HjRUP\" dir=\"auto\"><span class=\"B-fpk _6Vwzd\">\u00a0<\/span><\/div>\n<p id=\"viewer-6z6ag184\" class=\"o0STb GF80u _6Vwzd HjRUP\" dir=\"auto\"><span class=\"B-fpk _6Vwzd\">Durante el evento que se realiz\u00f3 en el Sal\u00f3n de Usos M\u00faltiples del Ficotrece, tambi\u00e9n estuvieron presentes los generadores de contenido Javetas en el Arco, Paquideus, Arturo Gonz\u00e1lez y Juanpis; as\u00ed como el exfutbolista Braulio Luna. En la conducci\u00f3n estuvieron Juan Carlos Zamora, comentarista, y\u00a0 Paola de la Torre, corresponsal de Fox Sports.<\/span><\/p>\n<\/div>\n<\/div>\n<\/div>\n<\/div>\n<\/div>\n<\/div>\n<\/div>\n<\/div>\n","protected":false},"excerpt":{"rendered":"<p>#informativoelvalledeaguascalientes #novaradioaguascalientes #informativoelvalledeaguascalientesll Ni\u00f1as, ni\u00f1os, j\u00f3venes y adultos de los 11 municipios y de otros estados del pa\u00eds podr\u00e1n participar en 30 deportes diferentes\u00a0 Tambi\u00e9n habr\u00e1 tres disciplinas para personas con discapacidad La inauguraci\u00f3n del torneo ser\u00e1 el 31 de mayo en el Estadio Victoria con un partido de futbol entre creadores de contenido y [&hellip;]<\/p>\n","protected":false},"author":1,"featured_media":67229,"comment_status":"closed","ping_status":"open","sticky":false,"template":"","format":"standard","meta":{"advanced_seo_description":"","jetpack_seo_html_title":"","jetpack_seo_noindex":false,"_jetpack_memberships_contains_paid_content":false,"footnotes":"","jetpack_publicize_message":"","jetpack_publicize_feature_enabled":true,"jetpack_social_post_already_shared":true,"jetpack_social_options":{"image_generator_settings":{"template":"highway","default_image_id":0,"font":"","enabled":false},"version":2}},"categories":[21,4],"tags":[22,615,113],"class_list":["post-67228","post","type-post","status-publish","format-standard","has-post-thumbnail","hentry","category-aguascalientes","category-gobierno-del-estado-aguascalientes","tag-aguascalientes","tag-gobierno-del-estado-de-aguascalientes","tag-idea"],"jetpack_publicize_connections":[],"jetpack_featured_media_url":"https:\/\/i0.wp.com\/informativoelvalledeaguascalientes.online\/wp-content\/uploads\/2025\/03\/49-1.jpeg?fit=1280%2C960&ssl=1","jetpack-related-posts":[],"jetpack_sharing_enabled":true,"jetpack_likes_enabled":true,"_links":{"self":[{"href":"https:\/\/informativoelvalledeaguascalientes.online\/index.php?rest_route=\/wp\/v2\/posts\/67228","targetHints":{"allow":["GET"]}}],"collection":[{"href":"https:\/\/informativoelvalledeaguascalientes.online\/index.php?rest_route=\/wp\/v2\/posts"}],"about":[{"href":"https:\/\/informativoelvalledeaguascalientes.online\/index.php?rest_route=\/wp\/v2\/types\/post"}],"author":[{"embeddable":true,"href":"https:\/\/informativoelvalledeaguascalientes.online\/index.php?rest_route=\/wp\/v2\/users\/1"}],"replies":[{"embeddable":true,"href":"https:\/\/informativoelvalledeaguascalientes.online\/index.php?rest_route=%2Fwp%2Fv2%2Fcomments&post=67228"}],"version-history":[{"count":2,"href":"https:\/\/informativoelvalledeaguascalientes.online\/index.php?rest_route=\/wp\/v2\/posts\/67228\/revisions"}],"predecessor-version":[{"id":67231,"href":"https:\/\/informativoelvalledeaguascalientes.online\/index.php?rest_route=\/wp\/v2\/posts\/67228\/revisions\/67231"}],"wp:featuredmedia":[{"embeddable":true,"href":"https:\/\/informativoelvalledeaguascalientes.online\/index.php?rest_route=\/wp\/v2\/media\/67229"}],"wp:attachment":[{"href":"https:\/\/informativoelvalledeaguascalientes.online\/index.php?rest_route=%2Fwp%2Fv2%2Fmedia&parent=67228"}],"wp:term":[{"taxonomy":"category","embeddable":true,"href":"https:\/\/informativoelvalledeaguascalientes.online\/index.php?rest_route=%2Fwp%2Fv2%2Fcategories&post=67228"},{"taxonomy":"post_tag","embeddable":true,"href":"https:\/\/informativoelvalledeaguascalientes.online\/index.php?rest_route=%2Fwp%2Fv2%2Ftags&post=67228"}],"curies":[{"name":"wp","href":"https:\/\/api.w.org\/{rel}","templated":true}]}}