{"id":67222,"date":"2025-03-25T20:53:02","date_gmt":"2025-03-26T02:53:02","guid":{"rendered":"https:\/\/informativoelvalledeaguascalientes.online\/?p=67222"},"modified":"2025-03-25T20:53:02","modified_gmt":"2025-03-26T02:53:02","slug":"firman-convenio-para-otorgar-descuento-en-el-agua-a-estudiantes-destacados-de-jesus-maria","status":"publish","type":"post","link":"https:\/\/informativoelvalledeaguascalientes.online\/?p=67222","title":{"rendered":"FIRMAN CONVENIO PARA OTORGAR DESCUENTO EN EL AGUA A ESTUDIANTES DESTACADOS DE JES\u00daS MAR\u00cdA"},"content":{"rendered":"<p>#informativoelvalledeaguascalientes #novaradioaguascalientes #informativoelvalledeaguascalientesll<\/p>\n<p>\u2022 Esta iniciativa incentiva la excelencia acad\u00e9mica y apoya a la econom\u00eda de las familias<\/p>\n<p>El presidente municipal de Jes\u00fas Mar\u00eda, C\u00e9sar Medina, firm\u00f3 un convenio con la Comisi\u00f3n de Agua Potable, Alcantarillado y Saneamiento (CAPAS) y la Instancia de la Juventud, a trav\u00e9s del cual los estudiantes de bachillerato con un promedio de 9.5 o m\u00e1s, podr\u00e1n obtener un 50 por ciento de descuento en su recibo de agua.<\/p>\n<p>El alcalde destac\u00f3 que esta iniciativa no solo reconoce el esfuerzo de los j\u00f3venes, sino que tambi\u00e9n fomenta que los padres de familia se mantengan atentos al desempe\u00f1o escolar de sus hijos. \u201cQueremos incentivar la excelencia acad\u00e9mica y, al mismo tiempo, apoyar la econom\u00eda de las familias de Jes\u00fas Mar\u00eda. Este descuento ser\u00e1 v\u00e1lido por seis meses y despu\u00e9s podr\u00e1n renovarlo si es que mantienen el promedio\u201d, expres\u00f3.<\/p>\n<p>Por su parte, el titular de la Instancia de la Juventud, Edgar Ortiz Camarillo, resalt\u00f3 la importancia de estas acciones, ya que motivan a los estudiantes a esforzarse en su formaci\u00f3n acad\u00e9mica. \u201cEs una manera de premiar su dedicaci\u00f3n y alentarlos a seguir alcanzando sus metas\u201d, afirm\u00f3.<\/p>\n<p>El titular de la Unidad Operadora del Agua, C\u00e9sar Garc\u00eda tambi\u00e9n mostr\u00f3 su entusiasmo por esta medida, destacando que apoyar a los j\u00f3venes que se esfuerzan es una inversi\u00f3n en el futuro del municipio. \u201cNos da gusto ser parte de este beneficio que, sin duda, ser\u00e1 de gran ayuda para muchas familias\u201d, se\u00f1al\u00f3.<\/p>\n<p>Para acceder al descuento, los interesados deber\u00e1n acudir a la Instancia de la Juventud ubicada en el Complejo Metropolitano, presentar su boleta de calificaciones, la identificaci\u00f3n oficial de sus padres, o la propia en caso de ser mayores de edad y el recibo de agua de CAPAS en las oficinas correspondientes que se encuentran abiertas de 08:30 horas a 20:30 horas.<\/p>\n","protected":false},"excerpt":{"rendered":"<p>#informativoelvalledeaguascalientes #novaradioaguascalientes #informativoelvalledeaguascalientesll \u2022 Esta iniciativa incentiva la excelencia acad\u00e9mica y apoya a la econom\u00eda de las familias El presidente municipal de Jes\u00fas Mar\u00eda, C\u00e9sar Medina, firm\u00f3 un convenio con la Comisi\u00f3n de Agua Potable, Alcantarillado y Saneamiento (CAPAS) y la Instancia de la Juventud, a trav\u00e9s del cual los estudiantes de bachillerato con un [&hellip;]<\/p>\n","protected":false},"author":1,"featured_media":67223,"comment_status":"closed","ping_status":"open","sticky":false,"template":"","format":"standard","meta":{"advanced_seo_description":"","jetpack_seo_html_title":"","jetpack_seo_noindex":false,"_jetpack_memberships_contains_paid_content":false,"footnotes":"","jetpack_publicize_message":"","jetpack_publicize_feature_enabled":true,"jetpack_social_post_already_shared":true,"jetpack_social_options":{"image_generator_settings":{"template":"highway","default_image_id":0,"font":"","enabled":false},"version":2}},"categories":[21,14],"tags":[22,45],"class_list":["post-67222","post","type-post","status-publish","format-standard","has-post-thumbnail","hentry","category-aguascalientes","category-jesus-maria-aguascalientes","tag-aguascalientes","tag-jesus-maria-aguascalientes"],"jetpack_publicize_connections":[],"jetpack_featured_media_url":"https:\/\/i0.wp.com\/informativoelvalledeaguascalientes.online\/wp-content\/uploads\/2025\/03\/f4707ee8-79a2-4840-a8f3-4f62087793bf.jpeg?fit=2560%2C2047&ssl=1","jetpack-related-posts":[],"jetpack_sharing_enabled":true,"jetpack_likes_enabled":true,"_links":{"self":[{"href":"https:\/\/informativoelvalledeaguascalientes.online\/index.php?rest_route=\/wp\/v2\/posts\/67222","targetHints":{"allow":["GET"]}}],"collection":[{"href":"https:\/\/informativoelvalledeaguascalientes.online\/index.php?rest_route=\/wp\/v2\/posts"}],"about":[{"href":"https:\/\/informativoelvalledeaguascalientes.online\/index.php?rest_route=\/wp\/v2\/types\/post"}],"author":[{"embeddable":true,"href":"https:\/\/informativoelvalledeaguascalientes.online\/index.php?rest_route=\/wp\/v2\/users\/1"}],"replies":[{"embeddable":true,"href":"https:\/\/informativoelvalledeaguascalientes.online\/index.php?rest_route=%2Fwp%2Fv2%2Fcomments&post=67222"}],"version-history":[{"count":1,"href":"https:\/\/informativoelvalledeaguascalientes.online\/index.php?rest_route=\/wp\/v2\/posts\/67222\/revisions"}],"predecessor-version":[{"id":67224,"href":"https:\/\/informativoelvalledeaguascalientes.online\/index.php?rest_route=\/wp\/v2\/posts\/67222\/revisions\/67224"}],"wp:featuredmedia":[{"embeddable":true,"href":"https:\/\/informativoelvalledeaguascalientes.online\/index.php?rest_route=\/wp\/v2\/media\/67223"}],"wp:attachment":[{"href":"https:\/\/informativoelvalledeaguascalientes.online\/index.php?rest_route=%2Fwp%2Fv2%2Fmedia&parent=67222"}],"wp:term":[{"taxonomy":"category","embeddable":true,"href":"https:\/\/informativoelvalledeaguascalientes.online\/index.php?rest_route=%2Fwp%2Fv2%2Fcategories&post=67222"},{"taxonomy":"post_tag","embeddable":true,"href":"https:\/\/informativoelvalledeaguascalientes.online\/index.php?rest_route=%2Fwp%2Fv2%2Ftags&post=67222"}],"curies":[{"name":"wp","href":"https:\/\/api.w.org\/{rel}","templated":true}]}}