{"id":67205,"date":"2025-03-24T17:25:14","date_gmt":"2025-03-24T23:25:14","guid":{"rendered":"https:\/\/informativoelvalledeaguascalientes.online\/?p=67205"},"modified":"2025-03-24T17:25:14","modified_gmt":"2025-03-24T23:25:14","slug":"foton-racing-hace-historia-con-su-primera-victoria-2025-en-la-super-copa-roshfrans","status":"publish","type":"post","link":"https:\/\/informativoelvalledeaguascalientes.online\/?p=67205","title":{"rendered":"FOTON RACING HACE HISTORIA CON SU PRIMERA VICTORIA 2025, EN LA S\u00daPER COPA ROSHFRANS"},"content":{"rendered":"<p>#informativoelvalledeaguascalientes #novaradioaguascalientes #informativoelvalledeaguascalientesll #Aguascalientes<\/p>\n<p>&nbsp;<\/p>\n<p>&nbsp;<\/p>\n<p>En un emocionante duelo sobre la pista del Aut\u00f3dromo de Monterrey, Foton Racing conquist\u00f3 su primera victoria en la S\u00faper Copa Roshfrans 2025, reafirmando su compromiso con la excelencia y el alto rendimiento en el automovilismo mexicano.<\/p>\n<p>El protagonista de esta haza\u00f1a fue Salvador de Alba Jr., quien, con una impecable estrategia y gran destreza al volante, logr\u00f3 rebasar a Santiago Tovar en las primeras vueltas de la carrera, asegurando as\u00ed la bandera a cuadros a bordo del Tracto Foton #48. Su desempe\u00f1o no solo le otorg\u00f3 la victoria, sino que tambi\u00e9n posicion\u00f3 a Foton Racing en el primer lugar del campeonato en la categor\u00eda de tractocamiones.<\/p>\n<p>El podio de la jornada se complet\u00f3 con Juan Cant\u00fa, quien alcanz\u00f3 el segundo puesto, seguido de Harry Due\u00f1as en la tercera posici\u00f3n. Este resultado es un testimonio del esfuerzo y la preparaci\u00f3n del equipo, liderado por, Eduardo Alquicira, quien ha sido clave en el desarrollo y consolidaci\u00f3n de la escuder\u00eda dentro del serial.<\/p>\n<p>Adem\u00e1s de la emoci\u00f3n en la pista, el evento fue una oportunidad excepcional para acercar la marca a los clientes y aficionados. Durante la jornada, los asistentes pudieron conocer de cerca la amplia gama de productos, exhibidos en el Aut\u00f3dromo de Monterrey. Uno de los momentos m\u00e1s destacados fue la entrega simb\u00f3lica de ocho tractocamiones a Alcosa.<\/p>\n<p>Foton Racing se prepara para la siguiente fecha del campeonato. La S\u00faper Copa Roshfrans continuar\u00e1 el pr\u00f3ximo 6 de abril en el Aut\u00f3dromo de Quer\u00e9taro, donde buscar\u00e1n mantener el liderato y seguir cosechando \u00e9xitos en esta temporada.<\/p>\n","protected":false},"excerpt":{"rendered":"<p>#informativoelvalledeaguascalientes #novaradioaguascalientes #informativoelvalledeaguascalientesll #Aguascalientes &nbsp; &nbsp; En un emocionante duelo sobre la pista del Aut\u00f3dromo de Monterrey, Foton Racing conquist\u00f3 su primera victoria en la S\u00faper Copa Roshfrans 2025, reafirmando su compromiso con la excelencia y el alto rendimiento en el automovilismo mexicano. El protagonista de esta haza\u00f1a fue Salvador de Alba Jr., quien, con [&hellip;]<\/p>\n","protected":false},"author":1,"featured_media":67206,"comment_status":"closed","ping_status":"open","sticky":false,"template":"","format":"standard","meta":{"advanced_seo_description":"","jetpack_seo_html_title":"","jetpack_seo_noindex":false,"_jetpack_memberships_contains_paid_content":false,"footnotes":"","jetpack_publicize_message":"","jetpack_publicize_feature_enabled":true,"jetpack_social_post_already_shared":true,"jetpack_social_options":{"image_generator_settings":{"template":"highway","default_image_id":0,"font":"","enabled":false},"version":2}},"categories":[21,19],"tags":[22,232,835],"class_list":["post-67205","post","type-post","status-publish","format-standard","has-post-thumbnail","hentry","category-aguascalientes","category-informacion-general","tag-aguascalientes","tag-informacion-general","tag-super-copa-roshfrans"],"jetpack_publicize_connections":[],"jetpack_featured_media_url":"https:\/\/i0.wp.com\/informativoelvalledeaguascalientes.online\/wp-content\/uploads\/2025\/03\/FOTON-2.jpg?fit=1280%2C718&ssl=1","jetpack-related-posts":[],"jetpack_sharing_enabled":true,"jetpack_likes_enabled":true,"_links":{"self":[{"href":"https:\/\/informativoelvalledeaguascalientes.online\/index.php?rest_route=\/wp\/v2\/posts\/67205","targetHints":{"allow":["GET"]}}],"collection":[{"href":"https:\/\/informativoelvalledeaguascalientes.online\/index.php?rest_route=\/wp\/v2\/posts"}],"about":[{"href":"https:\/\/informativoelvalledeaguascalientes.online\/index.php?rest_route=\/wp\/v2\/types\/post"}],"author":[{"embeddable":true,"href":"https:\/\/informativoelvalledeaguascalientes.online\/index.php?rest_route=\/wp\/v2\/users\/1"}],"replies":[{"embeddable":true,"href":"https:\/\/informativoelvalledeaguascalientes.online\/index.php?rest_route=%2Fwp%2Fv2%2Fcomments&post=67205"}],"version-history":[{"count":1,"href":"https:\/\/informativoelvalledeaguascalientes.online\/index.php?rest_route=\/wp\/v2\/posts\/67205\/revisions"}],"predecessor-version":[{"id":67207,"href":"https:\/\/informativoelvalledeaguascalientes.online\/index.php?rest_route=\/wp\/v2\/posts\/67205\/revisions\/67207"}],"wp:featuredmedia":[{"embeddable":true,"href":"https:\/\/informativoelvalledeaguascalientes.online\/index.php?rest_route=\/wp\/v2\/media\/67206"}],"wp:attachment":[{"href":"https:\/\/informativoelvalledeaguascalientes.online\/index.php?rest_route=%2Fwp%2Fv2%2Fmedia&parent=67205"}],"wp:term":[{"taxonomy":"category","embeddable":true,"href":"https:\/\/informativoelvalledeaguascalientes.online\/index.php?rest_route=%2Fwp%2Fv2%2Fcategories&post=67205"},{"taxonomy":"post_tag","embeddable":true,"href":"https:\/\/informativoelvalledeaguascalientes.online\/index.php?rest_route=%2Fwp%2Fv2%2Ftags&post=67205"}],"curies":[{"name":"wp","href":"https:\/\/api.w.org\/{rel}","templated":true}]}}