{"id":67196,"date":"2025-03-24T17:00:03","date_gmt":"2025-03-24T23:00:03","guid":{"rendered":"https:\/\/informativoelvalledeaguascalientes.online\/?p=67196"},"modified":"2025-03-24T17:00:03","modified_gmt":"2025-03-24T23:00:03","slug":"humberto-montero-inicio-la-campana-para-verte-mejor-que-brinda-apoyo-a-ninos-con-problemas-visuales","status":"publish","type":"post","link":"https:\/\/informativoelvalledeaguascalientes.online\/?p=67196","title":{"rendered":"Humberto Montero inici\u00f3 la campa\u00f1a &#8220;Para Verte Mejor&#8221;, que brinda apoyo a ni\u00f1os con problemas visuales"},"content":{"rendered":"<p>#informativoelvalledeaguascalientes #novaradioaguascalientes #informativoelvalledeaguascalientesll #Aguascalientes<\/p>\n<p>&nbsp;<\/p>\n<p>&nbsp;<\/p>\n<ul>\n<li><strong>La Iniciativa busca detectar problemas de la vista en escuelas y proporcionar lentes para mejorar el rendimiento escolar y la calidad de vida de los ni\u00f1os.<\/strong><\/li>\n<\/ul>\n<p><strong>\u00a0<\/strong><\/p>\n<ul>\n<li><strong>Se realizaron m\u00e1s de mil 500 ex\u00e1menes de la vista en la primera semana<\/strong><\/li>\n<\/ul>\n<p>&nbsp;<\/p>\n<p>El diputado Humberto Montero lanz\u00f3 con \u00e9xito la campa\u00f1a &#8220;Para Verte Mejor&#8221;, una iniciativa conjunta con organizaciones civiles para diagnosticar y dotar de lentes a ni\u00f1os que presentan problemas visuales. La campa\u00f1a tiene como objetivo principal mejorar el rendimiento escolar y la calidad de vida de los ni\u00f1os, asegurando que cada uno de ellos pueda desarrollarse plenamente, sin las limitaciones que causa la mala visi\u00f3n.<\/p>\n<p>Del martes 18 al viernes 21 de marzo, se desarroll\u00f3 la primera etapa de la campa\u00f1a de detecci\u00f3n visual en seis escuelas primarias del nororiente de la ciudad. En esta fase inicial, se realizaron mil 517 diagn\u00f3sticos visuales a ni\u00f1os, de los cuales 483 se les proporcionar\u00e1n sus lentes para mejorar su visi\u00f3n y por ende, su desempe\u00f1o acad\u00e9mico.<\/p>\n<p>Al poner en marcha este programa, Montero se\u00f1al\u00f3 que una visi\u00f3n deficiente en los ni\u00f1os no solo afecta su capacidad para aprender, sino que tambi\u00e9n puede repercutir en su bienestar emocional y social. Algunos de los problemas comunes incluyen un bajo rendimiento escolar, problemas de concentraci\u00f3n, autoestima baja, as\u00ed como dificultades de motricidad y coordinaci\u00f3n.<\/p>\n<p>Todos estos problemas pueden afectar no s\u00f3lo en su desempe\u00f1o escolar, pues tambi\u00e9n afecta la convivencia con sus compa\u00f1eros y sus propias familias, por lo que resulta importante dotarles de las herramientas necesarias para que tengan un desarrollo pleno.<\/p>\n<p>Durante esta primera etapa, se realizaron diagn\u00f3sticos en las escuelas primarias: Felipe \u00c1ngeles, Elvia Carrillo Puerto, Mauricio Magdaleno, Jos\u00e9 de Jes\u00fas Gonz\u00e1lez, Semblanza Nacional y S\u00edmbolos Patrios. Adem\u00e1s de un evento en la Soberana Convenci\u00f3n al que acudieron m\u00e1s de 200 personas en busca de un diagn\u00f3stico de su visi\u00f3n de los cuales 184 requieren de lentes para mejorar su visi\u00f3n.<\/p>\n<p>El diputado Humberto Montero expres\u00f3 que pr\u00f3ximamente se har\u00e1 entrega de los lentes a quienes fueron diagnosticados con alg\u00fan problema en su vista, reafirmando su compromiso con el bienestar de los ni\u00f1os. La campa\u00f1a continuar\u00e1 en otras escuelas de la regi\u00f3n para asegurar que todos los ni\u00f1os con problemas visuales tengan acceso a la atenci\u00f3n necesaria.<\/p>\n<p>\u201cVer bien es indispensable para el desarrollo de los ni\u00f1os\u201d, coment\u00f3 Montero. \u201cNo solo les permite aprender mejor, sino tambi\u00e9n participar activamente en la sociedad y relacionarse con sus compa\u00f1eros de manera m\u00e1s positiva\u201d.<\/p>\n<p>La campa\u00f1a <strong>&#8220;Para Verte Mejor&#8221;<\/strong> es un paso importante en la mejora de las condiciones de vida de los ni\u00f1os, uniendo esfuerzos para garantizar que puedan ser felices, aprender y desarrollarse sin obst\u00e1culos.<\/p>\n","protected":false},"excerpt":{"rendered":"<p>#informativoelvalledeaguascalientes #novaradioaguascalientes #informativoelvalledeaguascalientesll #Aguascalientes &nbsp; &nbsp; La Iniciativa busca detectar problemas de la vista en escuelas y proporcionar lentes para mejorar el rendimiento escolar y la calidad de vida de los ni\u00f1os. \u00a0 Se realizaron m\u00e1s de mil 500 ex\u00e1menes de la vista en la primera semana &nbsp; El diputado Humberto Montero lanz\u00f3 con \u00e9xito [&hellip;]<\/p>\n","protected":false},"author":1,"featured_media":67197,"comment_status":"closed","ping_status":"open","sticky":false,"template":"","format":"standard","meta":{"advanced_seo_description":"","jetpack_seo_html_title":"","jetpack_seo_noindex":false,"_jetpack_memberships_contains_paid_content":false,"footnotes":"","jetpack_publicize_message":"","jetpack_publicize_feature_enabled":true,"jetpack_social_post_already_shared":true,"jetpack_social_options":{"image_generator_settings":{"template":"highway","default_image_id":0,"font":"","enabled":false},"version":2}},"categories":[21,5],"tags":[22,872],"class_list":["post-67196","post","type-post","status-publish","format-standard","has-post-thumbnail","hentry","category-aguascalientes","category-h-congreso-del-estado-aguascalientes","tag-aguascalientes","tag-lxvi-legislatura-aguascalientes"],"jetpack_publicize_connections":[],"jetpack_featured_media_url":"https:\/\/i0.wp.com\/informativoelvalledeaguascalientes.online\/wp-content\/uploads\/2025\/03\/ec38ec0d-913d-4938-ad4d-5b282453e37f.jpg?fit=1200%2C1600&ssl=1","jetpack-related-posts":[],"jetpack_sharing_enabled":true,"jetpack_likes_enabled":true,"_links":{"self":[{"href":"https:\/\/informativoelvalledeaguascalientes.online\/index.php?rest_route=\/wp\/v2\/posts\/67196","targetHints":{"allow":["GET"]}}],"collection":[{"href":"https:\/\/informativoelvalledeaguascalientes.online\/index.php?rest_route=\/wp\/v2\/posts"}],"about":[{"href":"https:\/\/informativoelvalledeaguascalientes.online\/index.php?rest_route=\/wp\/v2\/types\/post"}],"author":[{"embeddable":true,"href":"https:\/\/informativoelvalledeaguascalientes.online\/index.php?rest_route=\/wp\/v2\/users\/1"}],"replies":[{"embeddable":true,"href":"https:\/\/informativoelvalledeaguascalientes.online\/index.php?rest_route=%2Fwp%2Fv2%2Fcomments&post=67196"}],"version-history":[{"count":1,"href":"https:\/\/informativoelvalledeaguascalientes.online\/index.php?rest_route=\/wp\/v2\/posts\/67196\/revisions"}],"predecessor-version":[{"id":67198,"href":"https:\/\/informativoelvalledeaguascalientes.online\/index.php?rest_route=\/wp\/v2\/posts\/67196\/revisions\/67198"}],"wp:featuredmedia":[{"embeddable":true,"href":"https:\/\/informativoelvalledeaguascalientes.online\/index.php?rest_route=\/wp\/v2\/media\/67197"}],"wp:attachment":[{"href":"https:\/\/informativoelvalledeaguascalientes.online\/index.php?rest_route=%2Fwp%2Fv2%2Fmedia&parent=67196"}],"wp:term":[{"taxonomy":"category","embeddable":true,"href":"https:\/\/informativoelvalledeaguascalientes.online\/index.php?rest_route=%2Fwp%2Fv2%2Fcategories&post=67196"},{"taxonomy":"post_tag","embeddable":true,"href":"https:\/\/informativoelvalledeaguascalientes.online\/index.php?rest_route=%2Fwp%2Fv2%2Ftags&post=67196"}],"curies":[{"name":"wp","href":"https:\/\/api.w.org\/{rel}","templated":true}]}}